{"id":637,"date":"2025-12-09T18:50:53","date_gmt":"2025-12-09T17:50:53","guid":{"rendered":"https:\/\/cval.fr\/?p=637"},"modified":"2025-12-09T18:50:53","modified_gmt":"2025-12-09T17:50:53","slug":"assemblee-generale-ordinaire-2025","status":"publish","type":"post","link":"https:\/\/cval.fr\/index.php\/2025\/12\/09\/assemblee-generale-ordinaire-2025\/","title":{"rendered":"Assembl\u00e9e G\u00e9n\u00e9rale Ordinaire 2025"},"content":{"rendered":"\n<p>Le Dimanche 30 Novembre s&#8217;est tenue l&#8217;assembl\u00e9e g\u00e9n\u00e9rale du CVAL en cette fin de saison 2025 et afin de pr\u00e9parer la saison 2026.<\/p>\n\n\n\n<p> Le CR est disponible ci dessous pour les retours et commentaires merci d&#8217;envoyer un mail \u00e0 <a href=\"mailto:secretariat@cval.fr\">secretariat@cval.fr<\/a>, bureau@cval.fr, ou ca@cval.fr en fonction de la port\u00e9e de tes questions.<\/p>\n\n\n\n<p> <\/p>\n\n\n\n<figure class=\"wp-block-image size-large\"><img loading=\"lazy\" decoding=\"async\" width=\"1024\" height=\"768\" src=\"https:\/\/cval.fr\/wp-content\/uploads\/2025\/12\/AG-1024x768.jpg\" alt=\"\" class=\"wp-image-638\" srcset=\"https:\/\/cval.fr\/wp-content\/uploads\/2025\/12\/AG-1024x768.jpg 1024w, https:\/\/cval.fr\/wp-content\/uploads\/2025\/12\/AG-300x225.jpg 300w, https:\/\/cval.fr\/wp-content\/uploads\/2025\/12\/AG-768x576.jpg 768w, https:\/\/cval.fr\/wp-content\/uploads\/2025\/12\/AG-1536x1152.jpg 1536w, https:\/\/cval.fr\/wp-content\/uploads\/2025\/12\/AG-2048x1536.jpg 2048w\" sizes=\"auto, (max-width: 1024px) 100vw, 1024px\" \/><\/figure>\n\n\n\n<div data-wp-interactive=\"core\/file\" class=\"wp-block-file\"><object data-wp-bind--hidden=\"!state.hasPdfPreview\" hidden class=\"wp-block-file__embed\" data=\"https:\/\/cval.fr\/wp-content\/uploads\/2025\/12\/COMPTE-RENDU-AGO-CVAL-du-30-Nov-2025.pdf\" type=\"application\/pdf\" style=\"width:100%;height:600px\" aria-label=\"Contenu embarqu\u00e9 COMPTE RENDU AGO CVAL du 30 Nov 2025.\"><\/object><a id=\"wp-block-file--media-963f0672-9a3d-4933-b65e-1f13a733ef57\" href=\"https:\/\/cval.fr\/wp-content\/uploads\/2025\/12\/COMPTE-RENDU-AGO-CVAL-du-30-Nov-2025.pdf\">COMPTE RENDU AGO CVAL du 30 Nov 2025<\/a><a href=\"https:\/\/cval.fr\/wp-content\/uploads\/2025\/12\/COMPTE-RENDU-AGO-CVAL-du-30-Nov-2025.pdf\" class=\"wp-block-file__button wp-element-button\" download aria-describedby=\"wp-block-file--media-963f0672-9a3d-4933-b65e-1f13a733ef57\">T\u00e9l\u00e9charger<\/a><\/div>\n\n\n\n<p><\/p>\n\n\n\n<p>Les nouveaux tarifs de la Saison 2026 ont \u00e9t\u00e9 vot\u00e9s et sont d\u00e9sormais d\u00e9finitifs, c&#8217;est le moment d&#8217;adh\u00e9rer !<\/p>\n\n\n\n<p>Les formulaires pour proc\u00e9der \u00e0 ton adh\u00e9sion sont disponibles ici <a href=\"https:\/\/cval.fr\/index.php\/adherer-au-cval\/\">https:\/\/cval.fr\/index.php\/adherer-au-cval\/<\/a><\/p>\n\n\n\n<p>Une nouvelle fois depuis d\u00e9sormais 5 ans les tarifs n&#8217;ont pas \u00e9volu\u00e9, en ligne avec le projet et les statuts de Club pour permettre au plus grand nombre d&#8217;acc\u00e9der \u00e0 la pratique de la voile et de l&#8217;aviron &#8230;.mais aussi toujours dans ce beau projet de contribuer avec ce que l on peut donner en temps, en savoir faire et coups de main de tout ordre. Non tu n&#8217;es pas un simple client et le club n&#8217;est pas un parking  mais acteur\/actrice, r\u00e9alisateur\/r\u00e9alisatrice !!<\/p>\n\n\n\n<p>Envers et contre tout ce qui ne cesse d&#8217;augmenter (notre loyer notamment) et de couter le CA a une nouvelle fois tenu bon la barre pour ne pas se r\u00e9signer \u00e0 une augmentation des tarifs &#8230; <\/p>\n\n\n\n<p>Depuis ces 5 ans les appels et  les rappels \u00e0 la bonne volont\u00e9 ont \u00e9t\u00e9 faits &#8230;sans trop de succ\u00e8s &#8230;.avec un petit air de  fatigue de &#8220;c&#8217;est un peu toujours les m\u00eames qui s&#8217;y collent&#8221;&#8230;voici donc un petit questionnaire hyper rapide pour permettre  de recenser quelles seraient les bonnes id\u00e9es pour continuer \u00e0 faire vibrer l&#8217;esprit du Club !!  <\/p>\n\n\n\n<p>Quelle est en particulier ton id\u00e9e pour que chacun donne de son temps et de son talent, de la mani\u00e8re la plus  objective et juste possible,  sans n\u00e9anmoins imposer des cr\u00e9neaux ou par exemple un suppl\u00e9ment financier pour un droit \u00e0 farniente..<\/p>\n\n\n\n<p> Esprit es-tu la , \u00e0 toi de jouer !!<\/p>\n\n\n\n<p>C est ici et c&#8217;est anonyme et ouvert \u00e0 toutes et tous:<\/p>\n\n\n\n<p><a href=\"https:\/\/docs.google.com\/forms\/d\/12tik5JZafFQYfRphLmtesaSJ70tTKZ_pmYkZtG6HoZ4\/edit\">https:\/\/docs.google.com\/forms\/d\/12tik5JZafFQYfRphLmtesaSJ70tTKZ_pmYkZtG6HoZ4\/edit<\/a><\/p>\n\n\n\n<p><\/p>\n","protected":false},"excerpt":{"rendered":"<p>Le Dimanche 30 Novembre s&#8217;est tenue l&#8217;assembl\u00e9e g\u00e9n\u00e9rale du CVAL en cette fin de saison 2025 et afin de pr\u00e9parer la saison 2026. Le CR est disponible ci dessous pour &#8230; <a title=\"Assembl\u00e9e G\u00e9n\u00e9rale Ordinaire 2025\" class=\"read-more\" href=\"https:\/\/cval.fr\/index.php\/2025\/12\/09\/assemblee-generale-ordinaire-2025\/\" aria-label=\"En savoir plus sur Assembl\u00e9e G\u00e9n\u00e9rale Ordinaire 2025\">Lire la suite<\/a><\/p>\n","protected":false},"author":1,"featured_media":0,"comment_status":"closed","ping_status":"open","sticky":false,"template":"","format":"standard","meta":{"footnotes":""},"categories":[1],"tags":[],"class_list":["post-637","post","type-post","status-publish","format-standard","hentry","category-uncategorized"],"yoast_head":"<!-- This site is optimized with the Yoast SEO plugin v27.4 - https:\/\/yoast.com\/product\/yoast-seo-wordpress\/ -->\n<title>Assembl\u00e9e G\u00e9n\u00e9rale Ordinaire 2025 - Club de Voile et Aviron de Laffrey<\/title>\n<meta name=\"robots\" content=\"index, follow, max-snippet:-1, max-image-preview:large, max-video-preview:-1\" \/>\n<link rel=\"canonical\" href=\"https:\/\/cval.fr\/index.php\/2025\/12\/09\/assemblee-generale-ordinaire-2025\/\" \/>\n<meta property=\"og:locale\" content=\"fr_FR\" \/>\n<meta property=\"og:type\" content=\"article\" \/>\n<meta property=\"og:title\" content=\"Assembl\u00e9e G\u00e9n\u00e9rale Ordinaire 2025 - Club de Voile et Aviron de Laffrey\" \/>\n<meta property=\"og:description\" content=\"Le Dimanche 30 Novembre s&#8217;est tenue l&#8217;assembl\u00e9e g\u00e9n\u00e9rale du CVAL en cette fin de saison 2025 et afin de pr\u00e9parer la saison 2026. Le CR est disponible ci dessous pour ... Lire la suite\" \/>\n<meta property=\"og:url\" content=\"https:\/\/cval.fr\/index.php\/2025\/12\/09\/assemblee-generale-ordinaire-2025\/\" \/>\n<meta property=\"og:site_name\" content=\"Club de Voile et Aviron de Laffrey\" \/>\n<meta property=\"article:published_time\" content=\"2025-12-09T17:50:53+00:00\" \/>\n<meta property=\"og:image\" content=\"https:\/\/cval.fr\/wp-content\/uploads\/2025\/12\/AG-scaled.jpg\" \/>\n\t<meta property=\"og:image:width\" content=\"2560\" \/>\n\t<meta property=\"og:image:height\" content=\"1920\" \/>\n\t<meta property=\"og:image:type\" content=\"image\/jpeg\" \/>\n<meta name=\"author\" content=\"admin\" \/>\n<meta name=\"twitter:card\" content=\"summary_large_image\" \/>\n<meta name=\"twitter:label1\" content=\"\u00c9crit par\" \/>\n\t<meta name=\"twitter:data1\" content=\"admin\" \/>\n\t<meta name=\"twitter:label2\" content=\"Dur\u00e9e de lecture estim\u00e9e\" \/>\n\t<meta name=\"twitter:data2\" content=\"2 minutes\" \/>\n<script type=\"application\/ld+json\" class=\"yoast-schema-graph\">{\"@context\":\"https:\\\/\\\/schema.org\",\"@graph\":[{\"@type\":\"Article\",\"@id\":\"https:\\\/\\\/cval.fr\\\/index.php\\\/2025\\\/12\\\/09\\\/assemblee-generale-ordinaire-2025\\\/#article\",\"isPartOf\":{\"@id\":\"https:\\\/\\\/cval.fr\\\/index.php\\\/2025\\\/12\\\/09\\\/assemblee-generale-ordinaire-2025\\\/\"},\"author\":{\"name\":\"admin\",\"@id\":\"https:\\\/\\\/cval.fr\\\/#\\\/schema\\\/person\\\/233bcea2b3a7fc93e7d29c8b43e41c22\"},\"headline\":\"Assembl\u00e9e G\u00e9n\u00e9rale Ordinaire 2025\",\"datePublished\":\"2025-12-09T17:50:53+00:00\",\"mainEntityOfPage\":{\"@id\":\"https:\\\/\\\/cval.fr\\\/index.php\\\/2025\\\/12\\\/09\\\/assemblee-generale-ordinaire-2025\\\/\"},\"wordCount\":383,\"image\":{\"@id\":\"https:\\\/\\\/cval.fr\\\/index.php\\\/2025\\\/12\\\/09\\\/assemblee-generale-ordinaire-2025\\\/#primaryimage\"},\"thumbnailUrl\":\"https:\\\/\\\/cval.fr\\\/wp-content\\\/uploads\\\/2025\\\/12\\\/AG-1024x768.jpg\",\"articleSection\":[\"Uncategorized\"],\"inLanguage\":\"fr-FR\"},{\"@type\":\"WebPage\",\"@id\":\"https:\\\/\\\/cval.fr\\\/index.php\\\/2025\\\/12\\\/09\\\/assemblee-generale-ordinaire-2025\\\/\",\"url\":\"https:\\\/\\\/cval.fr\\\/index.php\\\/2025\\\/12\\\/09\\\/assemblee-generale-ordinaire-2025\\\/\",\"name\":\"Assembl\u00e9e G\u00e9n\u00e9rale Ordinaire 2025 - Club de Voile et Aviron de Laffrey\",\"isPartOf\":{\"@id\":\"https:\\\/\\\/cval.fr\\\/#website\"},\"primaryImageOfPage\":{\"@id\":\"https:\\\/\\\/cval.fr\\\/index.php\\\/2025\\\/12\\\/09\\\/assemblee-generale-ordinaire-2025\\\/#primaryimage\"},\"image\":{\"@id\":\"https:\\\/\\\/cval.fr\\\/index.php\\\/2025\\\/12\\\/09\\\/assemblee-generale-ordinaire-2025\\\/#primaryimage\"},\"thumbnailUrl\":\"https:\\\/\\\/cval.fr\\\/wp-content\\\/uploads\\\/2025\\\/12\\\/AG-1024x768.jpg\",\"datePublished\":\"2025-12-09T17:50:53+00:00\",\"author\":{\"@id\":\"https:\\\/\\\/cval.fr\\\/#\\\/schema\\\/person\\\/233bcea2b3a7fc93e7d29c8b43e41c22\"},\"breadcrumb\":{\"@id\":\"https:\\\/\\\/cval.fr\\\/index.php\\\/2025\\\/12\\\/09\\\/assemblee-generale-ordinaire-2025\\\/#breadcrumb\"},\"inLanguage\":\"fr-FR\",\"potentialAction\":[{\"@type\":\"ReadAction\",\"target\":[\"https:\\\/\\\/cval.fr\\\/index.php\\\/2025\\\/12\\\/09\\\/assemblee-generale-ordinaire-2025\\\/\"]}]},{\"@type\":\"ImageObject\",\"inLanguage\":\"fr-FR\",\"@id\":\"https:\\\/\\\/cval.fr\\\/index.php\\\/2025\\\/12\\\/09\\\/assemblee-generale-ordinaire-2025\\\/#primaryimage\",\"url\":\"https:\\\/\\\/cval.fr\\\/wp-content\\\/uploads\\\/2025\\\/12\\\/AG-scaled.jpg\",\"contentUrl\":\"https:\\\/\\\/cval.fr\\\/wp-content\\\/uploads\\\/2025\\\/12\\\/AG-scaled.jpg\",\"width\":2560,\"height\":1920},{\"@type\":\"BreadcrumbList\",\"@id\":\"https:\\\/\\\/cval.fr\\\/index.php\\\/2025\\\/12\\\/09\\\/assemblee-generale-ordinaire-2025\\\/#breadcrumb\",\"itemListElement\":[{\"@type\":\"ListItem\",\"position\":1,\"name\":\"Accueil\",\"item\":\"https:\\\/\\\/cval.fr\\\/\"},{\"@type\":\"ListItem\",\"position\":2,\"name\":\"Assembl\u00e9e G\u00e9n\u00e9rale Ordinaire 2025\"}]},{\"@type\":\"WebSite\",\"@id\":\"https:\\\/\\\/cval.fr\\\/#website\",\"url\":\"https:\\\/\\\/cval.fr\\\/\",\"name\":\"Club de Voile et Aviron de Laffrey\",\"description\":\"Un petit bateau dans la t\u00eate ....\",\"potentialAction\":[{\"@type\":\"SearchAction\",\"target\":{\"@type\":\"EntryPoint\",\"urlTemplate\":\"https:\\\/\\\/cval.fr\\\/?s={search_term_string}\"},\"query-input\":{\"@type\":\"PropertyValueSpecification\",\"valueRequired\":true,\"valueName\":\"search_term_string\"}}],\"inLanguage\":\"fr-FR\"},{\"@type\":\"Person\",\"@id\":\"https:\\\/\\\/cval.fr\\\/#\\\/schema\\\/person\\\/233bcea2b3a7fc93e7d29c8b43e41c22\",\"name\":\"admin\",\"image\":{\"@type\":\"ImageObject\",\"inLanguage\":\"fr-FR\",\"@id\":\"https:\\\/\\\/secure.gravatar.com\\\/avatar\\\/041cd813b43b1b449fe7a622bd81876a6d4580da8e61f30cfa434ca1e491a1e0?s=96&d=wavatar&r=g\",\"url\":\"https:\\\/\\\/secure.gravatar.com\\\/avatar\\\/041cd813b43b1b449fe7a622bd81876a6d4580da8e61f30cfa434ca1e491a1e0?s=96&d=wavatar&r=g\",\"contentUrl\":\"https:\\\/\\\/secure.gravatar.com\\\/avatar\\\/041cd813b43b1b449fe7a622bd81876a6d4580da8e61f30cfa434ca1e491a1e0?s=96&d=wavatar&r=g\",\"caption\":\"admin\"},\"sameAs\":[\"https:\\\/\\\/cval.fr\"],\"url\":\"https:\\\/\\\/cval.fr\\\/index.php\\\/author\\\/admin_myancovid\\\/\"}]}<\/script>\n<!-- \/ Yoast SEO plugin. -->","yoast_head_json":{"title":"Assembl\u00e9e G\u00e9n\u00e9rale Ordinaire 2025 - Club de Voile et Aviron de Laffrey","robots":{"index":"index","follow":"follow","max-snippet":"max-snippet:-1","max-image-preview":"max-image-preview:large","max-video-preview":"max-video-preview:-1"},"canonical":"https:\/\/cval.fr\/index.php\/2025\/12\/09\/assemblee-generale-ordinaire-2025\/","og_locale":"fr_FR","og_type":"article","og_title":"Assembl\u00e9e G\u00e9n\u00e9rale Ordinaire 2025 - Club de Voile et Aviron de Laffrey","og_description":"Le Dimanche 30 Novembre s&#8217;est tenue l&#8217;assembl\u00e9e g\u00e9n\u00e9rale du CVAL en cette fin de saison 2025 et afin de pr\u00e9parer la saison 2026. Le CR est disponible ci dessous pour ... Lire la suite","og_url":"https:\/\/cval.fr\/index.php\/2025\/12\/09\/assemblee-generale-ordinaire-2025\/","og_site_name":"Club de Voile et Aviron de Laffrey","article_published_time":"2025-12-09T17:50:53+00:00","og_image":[{"width":2560,"height":1920,"url":"https:\/\/cval.fr\/wp-content\/uploads\/2025\/12\/AG-scaled.jpg","type":"image\/jpeg"}],"author":"admin","twitter_card":"summary_large_image","twitter_misc":{"\u00c9crit par":"admin","Dur\u00e9e de lecture estim\u00e9e":"2 minutes"},"schema":{"@context":"https:\/\/schema.org","@graph":[{"@type":"Article","@id":"https:\/\/cval.fr\/index.php\/2025\/12\/09\/assemblee-generale-ordinaire-2025\/#article","isPartOf":{"@id":"https:\/\/cval.fr\/index.php\/2025\/12\/09\/assemblee-generale-ordinaire-2025\/"},"author":{"name":"admin","@id":"https:\/\/cval.fr\/#\/schema\/person\/233bcea2b3a7fc93e7d29c8b43e41c22"},"headline":"Assembl\u00e9e G\u00e9n\u00e9rale Ordinaire 2025","datePublished":"2025-12-09T17:50:53+00:00","mainEntityOfPage":{"@id":"https:\/\/cval.fr\/index.php\/2025\/12\/09\/assemblee-generale-ordinaire-2025\/"},"wordCount":383,"image":{"@id":"https:\/\/cval.fr\/index.php\/2025\/12\/09\/assemblee-generale-ordinaire-2025\/#primaryimage"},"thumbnailUrl":"https:\/\/cval.fr\/wp-content\/uploads\/2025\/12\/AG-1024x768.jpg","articleSection":["Uncategorized"],"inLanguage":"fr-FR"},{"@type":"WebPage","@id":"https:\/\/cval.fr\/index.php\/2025\/12\/09\/assemblee-generale-ordinaire-2025\/","url":"https:\/\/cval.fr\/index.php\/2025\/12\/09\/assemblee-generale-ordinaire-2025\/","name":"Assembl\u00e9e G\u00e9n\u00e9rale Ordinaire 2025 - Club de Voile et Aviron de Laffrey","isPartOf":{"@id":"https:\/\/cval.fr\/#website"},"primaryImageOfPage":{"@id":"https:\/\/cval.fr\/index.php\/2025\/12\/09\/assemblee-generale-ordinaire-2025\/#primaryimage"},"image":{"@id":"https:\/\/cval.fr\/index.php\/2025\/12\/09\/assemblee-generale-ordinaire-2025\/#primaryimage"},"thumbnailUrl":"https:\/\/cval.fr\/wp-content\/uploads\/2025\/12\/AG-1024x768.jpg","datePublished":"2025-12-09T17:50:53+00:00","author":{"@id":"https:\/\/cval.fr\/#\/schema\/person\/233bcea2b3a7fc93e7d29c8b43e41c22"},"breadcrumb":{"@id":"https:\/\/cval.fr\/index.php\/2025\/12\/09\/assemblee-generale-ordinaire-2025\/#breadcrumb"},"inLanguage":"fr-FR","potentialAction":[{"@type":"ReadAction","target":["https:\/\/cval.fr\/index.php\/2025\/12\/09\/assemblee-generale-ordinaire-2025\/"]}]},{"@type":"ImageObject","inLanguage":"fr-FR","@id":"https:\/\/cval.fr\/index.php\/2025\/12\/09\/assemblee-generale-ordinaire-2025\/#primaryimage","url":"https:\/\/cval.fr\/wp-content\/uploads\/2025\/12\/AG-scaled.jpg","contentUrl":"https:\/\/cval.fr\/wp-content\/uploads\/2025\/12\/AG-scaled.jpg","width":2560,"height":1920},{"@type":"BreadcrumbList","@id":"https:\/\/cval.fr\/index.php\/2025\/12\/09\/assemblee-generale-ordinaire-2025\/#breadcrumb","itemListElement":[{"@type":"ListItem","position":1,"name":"Accueil","item":"https:\/\/cval.fr\/"},{"@type":"ListItem","position":2,"name":"Assembl\u00e9e G\u00e9n\u00e9rale Ordinaire 2025"}]},{"@type":"WebSite","@id":"https:\/\/cval.fr\/#website","url":"https:\/\/cval.fr\/","name":"Club de Voile et Aviron de Laffrey","description":"Un petit bateau dans la t\u00eate ....","potentialAction":[{"@type":"SearchAction","target":{"@type":"EntryPoint","urlTemplate":"https:\/\/cval.fr\/?s={search_term_string}"},"query-input":{"@type":"PropertyValueSpecification","valueRequired":true,"valueName":"search_term_string"}}],"inLanguage":"fr-FR"},{"@type":"Person","@id":"https:\/\/cval.fr\/#\/schema\/person\/233bcea2b3a7fc93e7d29c8b43e41c22","name":"admin","image":{"@type":"ImageObject","inLanguage":"fr-FR","@id":"https:\/\/secure.gravatar.com\/avatar\/041cd813b43b1b449fe7a622bd81876a6d4580da8e61f30cfa434ca1e491a1e0?s=96&d=wavatar&r=g","url":"https:\/\/secure.gravatar.com\/avatar\/041cd813b43b1b449fe7a622bd81876a6d4580da8e61f30cfa434ca1e491a1e0?s=96&d=wavatar&r=g","contentUrl":"https:\/\/secure.gravatar.com\/avatar\/041cd813b43b1b449fe7a622bd81876a6d4580da8e61f30cfa434ca1e491a1e0?s=96&d=wavatar&r=g","caption":"admin"},"sameAs":["https:\/\/cval.fr"],"url":"https:\/\/cval.fr\/index.php\/author\/admin_myancovid\/"}]}},"_links":{"self":[{"href":"https:\/\/cval.fr\/index.php\/wp-json\/wp\/v2\/posts\/637","targetHints":{"allow":["GET"]}}],"collection":[{"href":"https:\/\/cval.fr\/index.php\/wp-json\/wp\/v2\/posts"}],"about":[{"href":"https:\/\/cval.fr\/index.php\/wp-json\/wp\/v2\/types\/post"}],"author":[{"embeddable":true,"href":"https:\/\/cval.fr\/index.php\/wp-json\/wp\/v2\/users\/1"}],"replies":[{"embeddable":true,"href":"https:\/\/cval.fr\/index.php\/wp-json\/wp\/v2\/comments?post=637"}],"version-history":[{"count":1,"href":"https:\/\/cval.fr\/index.php\/wp-json\/wp\/v2\/posts\/637\/revisions"}],"predecessor-version":[{"id":640,"href":"https:\/\/cval.fr\/index.php\/wp-json\/wp\/v2\/posts\/637\/revisions\/640"}],"wp:attachment":[{"href":"https:\/\/cval.fr\/index.php\/wp-json\/wp\/v2\/media?parent=637"}],"wp:term":[{"taxonomy":"category","embeddable":true,"href":"https:\/\/cval.fr\/index.php\/wp-json\/wp\/v2\/categories?post=637"},{"taxonomy":"post_tag","embeddable":true,"href":"https:\/\/cval.fr\/index.php\/wp-json\/wp\/v2\/tags?post=637"}],"curies":[{"name":"wp","href":"https:\/\/api.w.org\/{rel}","templated":true}]}}