{"id":542,"date":"2025-04-23T10:35:26","date_gmt":"2025-04-23T09:35:26","guid":{"rendered":"https:\/\/cval.fr\/?p=542"},"modified":"2025-04-23T10:59:51","modified_gmt":"2025-04-23T09:59:51","slug":"ouverture-de-la-base-ce-samedi-26-avril-10h00","status":"publish","type":"post","link":"https:\/\/cval.fr\/index.php\/2025\/04\/23\/ouverture-de-la-base-ce-samedi-26-avril-10h00\/","title":{"rendered":"Ouverture de la Base ce Samedi 26 Avril 10h00"},"content":{"rendered":"Tu dois \u00eatre connect\u00e9 sur le site donc membre du Club pour acc\u00e9der \u00e0 ce contenu, merci !!! <br>\r\nSi tu es effectivement adh\u00e9rente ou adh\u00e9rent au CVAL mais tu n'as pas encore fait ton inscription sur le site c'est par ici: \r\n\r\n<a href=\"https:\/\/cval.fr\/index.php\/inscription\/\">https:\/\/cval.fr\/index.php\/inscription\/<\/a>","protected":false},"excerpt":{"rendered":"","protected":false},"author":1,"featured_media":0,"comment_status":"closed","ping_status":"open","sticky":false,"template":"","format":"standard","meta":{"footnotes":""},"categories":[1],"tags":[],"class_list":["post-542","post","type-post","status-publish","format-standard","hentry","category-uncategorized"],"yoast_head":"<!-- This site is optimized with the Yoast SEO plugin v27.4 - https:\/\/yoast.com\/product\/yoast-seo-wordpress\/ -->\n<title>Ouverture de la Base ce Samedi 26 Avril 10h00 - Club de Voile et Aviron de Laffrey<\/title>\n<meta name=\"robots\" content=\"index, follow, max-snippet:-1, max-image-preview:large, max-video-preview:-1\" \/>\n<link rel=\"canonical\" href=\"https:\/\/cval.fr\/index.php\/2025\/04\/23\/ouverture-de-la-base-ce-samedi-26-avril-10h00\/\" \/>\n<meta property=\"og:locale\" content=\"fr_FR\" \/>\n<meta property=\"og:type\" content=\"article\" \/>\n<meta property=\"og:title\" content=\"Ouverture de la Base ce Samedi 26 Avril 10h00 - Club de Voile et Aviron de Laffrey\" \/>\n<meta property=\"og:url\" content=\"https:\/\/cval.fr\/index.php\/2025\/04\/23\/ouverture-de-la-base-ce-samedi-26-avril-10h00\/\" \/>\n<meta property=\"og:site_name\" content=\"Club de Voile et Aviron de Laffrey\" \/>\n<meta property=\"article:published_time\" content=\"2025-04-23T09:35:26+00:00\" \/>\n<meta property=\"article:modified_time\" content=\"2025-04-23T09:59:51+00:00\" \/>\n<meta property=\"og:image\" content=\"https:\/\/cval.fr\/wp-content\/uploads\/2025\/04\/image.png\" \/>\n\t<meta property=\"og:image:width\" content=\"986\" \/>\n\t<meta property=\"og:image:height\" content=\"518\" \/>\n\t<meta property=\"og:image:type\" content=\"image\/png\" \/>\n<meta name=\"author\" content=\"admin\" \/>\n<meta name=\"twitter:card\" content=\"summary_large_image\" \/>\n<meta name=\"twitter:label1\" content=\"\u00c9crit par\" \/>\n\t<meta name=\"twitter:data1\" content=\"admin\" \/>\n\t<meta name=\"twitter:label2\" content=\"Dur\u00e9e de lecture estim\u00e9e\" \/>\n\t<meta name=\"twitter:data2\" content=\"5 minutes\" \/>\n<script type=\"application\/ld+json\" class=\"yoast-schema-graph\">{\"@context\":\"https:\\\/\\\/schema.org\",\"@graph\":[{\"@type\":\"Article\",\"@id\":\"https:\\\/\\\/cval.fr\\\/index.php\\\/2025\\\/04\\\/23\\\/ouverture-de-la-base-ce-samedi-26-avril-10h00\\\/#article\",\"isPartOf\":{\"@id\":\"https:\\\/\\\/cval.fr\\\/index.php\\\/2025\\\/04\\\/23\\\/ouverture-de-la-base-ce-samedi-26-avril-10h00\\\/\"},\"author\":{\"name\":\"admin\",\"@id\":\"https:\\\/\\\/cval.fr\\\/#\\\/schema\\\/person\\\/233bcea2b3a7fc93e7d29c8b43e41c22\"},\"headline\":\"Ouverture de la Base ce Samedi 26 Avril 10h00\",\"datePublished\":\"2025-04-23T09:35:26+00:00\",\"dateModified\":\"2025-04-23T09:59:51+00:00\",\"mainEntityOfPage\":{\"@id\":\"https:\\\/\\\/cval.fr\\\/index.php\\\/2025\\\/04\\\/23\\\/ouverture-de-la-base-ce-samedi-26-avril-10h00\\\/\"},\"wordCount\":545,\"image\":{\"@id\":\"https:\\\/\\\/cval.fr\\\/index.php\\\/2025\\\/04\\\/23\\\/ouverture-de-la-base-ce-samedi-26-avril-10h00\\\/#primaryimage\"},\"thumbnailUrl\":\"https:\\\/\\\/cval.fr\\\/wp-content\\\/uploads\\\/2025\\\/04\\\/image.png\",\"articleSection\":[\"Uncategorized\"],\"inLanguage\":\"fr-FR\"},{\"@type\":\"WebPage\",\"@id\":\"https:\\\/\\\/cval.fr\\\/index.php\\\/2025\\\/04\\\/23\\\/ouverture-de-la-base-ce-samedi-26-avril-10h00\\\/\",\"url\":\"https:\\\/\\\/cval.fr\\\/index.php\\\/2025\\\/04\\\/23\\\/ouverture-de-la-base-ce-samedi-26-avril-10h00\\\/\",\"name\":\"Ouverture de la Base ce Samedi 26 Avril 10h00 - Club de Voile et Aviron de Laffrey\",\"isPartOf\":{\"@id\":\"https:\\\/\\\/cval.fr\\\/#website\"},\"primaryImageOfPage\":{\"@id\":\"https:\\\/\\\/cval.fr\\\/index.php\\\/2025\\\/04\\\/23\\\/ouverture-de-la-base-ce-samedi-26-avril-10h00\\\/#primaryimage\"},\"image\":{\"@id\":\"https:\\\/\\\/cval.fr\\\/index.php\\\/2025\\\/04\\\/23\\\/ouverture-de-la-base-ce-samedi-26-avril-10h00\\\/#primaryimage\"},\"thumbnailUrl\":\"https:\\\/\\\/cval.fr\\\/wp-content\\\/uploads\\\/2025\\\/04\\\/image.png\",\"datePublished\":\"2025-04-23T09:35:26+00:00\",\"dateModified\":\"2025-04-23T09:59:51+00:00\",\"author\":{\"@id\":\"https:\\\/\\\/cval.fr\\\/#\\\/schema\\\/person\\\/233bcea2b3a7fc93e7d29c8b43e41c22\"},\"breadcrumb\":{\"@id\":\"https:\\\/\\\/cval.fr\\\/index.php\\\/2025\\\/04\\\/23\\\/ouverture-de-la-base-ce-samedi-26-avril-10h00\\\/#breadcrumb\"},\"inLanguage\":\"fr-FR\",\"potentialAction\":[{\"@type\":\"ReadAction\",\"target\":[\"https:\\\/\\\/cval.fr\\\/index.php\\\/2025\\\/04\\\/23\\\/ouverture-de-la-base-ce-samedi-26-avril-10h00\\\/\"]}]},{\"@type\":\"ImageObject\",\"inLanguage\":\"fr-FR\",\"@id\":\"https:\\\/\\\/cval.fr\\\/index.php\\\/2025\\\/04\\\/23\\\/ouverture-de-la-base-ce-samedi-26-avril-10h00\\\/#primaryimage\",\"url\":\"https:\\\/\\\/cval.fr\\\/wp-content\\\/uploads\\\/2025\\\/04\\\/image.png\",\"contentUrl\":\"https:\\\/\\\/cval.fr\\\/wp-content\\\/uploads\\\/2025\\\/04\\\/image.png\",\"width\":986,\"height\":518},{\"@type\":\"BreadcrumbList\",\"@id\":\"https:\\\/\\\/cval.fr\\\/index.php\\\/2025\\\/04\\\/23\\\/ouverture-de-la-base-ce-samedi-26-avril-10h00\\\/#breadcrumb\",\"itemListElement\":[{\"@type\":\"ListItem\",\"position\":1,\"name\":\"Accueil\",\"item\":\"https:\\\/\\\/cval.fr\\\/\"},{\"@type\":\"ListItem\",\"position\":2,\"name\":\"Ouverture de la Base ce Samedi 26 Avril 10h00\"}]},{\"@type\":\"WebSite\",\"@id\":\"https:\\\/\\\/cval.fr\\\/#website\",\"url\":\"https:\\\/\\\/cval.fr\\\/\",\"name\":\"Club de Voile et Aviron de Laffrey\",\"description\":\"Un petit bateau dans la t\u00eate ....\",\"potentialAction\":[{\"@type\":\"SearchAction\",\"target\":{\"@type\":\"EntryPoint\",\"urlTemplate\":\"https:\\\/\\\/cval.fr\\\/?s={search_term_string}\"},\"query-input\":{\"@type\":\"PropertyValueSpecification\",\"valueRequired\":true,\"valueName\":\"search_term_string\"}}],\"inLanguage\":\"fr-FR\"},{\"@type\":\"Person\",\"@id\":\"https:\\\/\\\/cval.fr\\\/#\\\/schema\\\/person\\\/233bcea2b3a7fc93e7d29c8b43e41c22\",\"name\":\"admin\",\"image\":{\"@type\":\"ImageObject\",\"inLanguage\":\"fr-FR\",\"@id\":\"https:\\\/\\\/secure.gravatar.com\\\/avatar\\\/041cd813b43b1b449fe7a622bd81876a6d4580da8e61f30cfa434ca1e491a1e0?s=96&d=wavatar&r=g\",\"url\":\"https:\\\/\\\/secure.gravatar.com\\\/avatar\\\/041cd813b43b1b449fe7a622bd81876a6d4580da8e61f30cfa434ca1e491a1e0?s=96&d=wavatar&r=g\",\"contentUrl\":\"https:\\\/\\\/secure.gravatar.com\\\/avatar\\\/041cd813b43b1b449fe7a622bd81876a6d4580da8e61f30cfa434ca1e491a1e0?s=96&d=wavatar&r=g\",\"caption\":\"admin\"},\"sameAs\":[\"https:\\\/\\\/cval.fr\"],\"url\":\"https:\\\/\\\/cval.fr\\\/index.php\\\/author\\\/admin_myancovid\\\/\"}]}<\/script>\n<!-- \/ Yoast SEO plugin. -->","yoast_head_json":{"title":"Ouverture de la Base ce Samedi 26 Avril 10h00 - Club de Voile et Aviron de Laffrey","robots":{"index":"index","follow":"follow","max-snippet":"max-snippet:-1","max-image-preview":"max-image-preview:large","max-video-preview":"max-video-preview:-1"},"canonical":"https:\/\/cval.fr\/index.php\/2025\/04\/23\/ouverture-de-la-base-ce-samedi-26-avril-10h00\/","og_locale":"fr_FR","og_type":"article","og_title":"Ouverture de la Base ce Samedi 26 Avril 10h00 - Club de Voile et Aviron de Laffrey","og_url":"https:\/\/cval.fr\/index.php\/2025\/04\/23\/ouverture-de-la-base-ce-samedi-26-avril-10h00\/","og_site_name":"Club de Voile et Aviron de Laffrey","article_published_time":"2025-04-23T09:35:26+00:00","article_modified_time":"2025-04-23T09:59:51+00:00","og_image":[{"width":986,"height":518,"url":"https:\/\/cval.fr\/wp-content\/uploads\/2025\/04\/image.png","type":"image\/png"}],"author":"admin","twitter_card":"summary_large_image","twitter_misc":{"\u00c9crit par":"admin","Dur\u00e9e de lecture estim\u00e9e":"5 minutes"},"schema":{"@context":"https:\/\/schema.org","@graph":[{"@type":"Article","@id":"https:\/\/cval.fr\/index.php\/2025\/04\/23\/ouverture-de-la-base-ce-samedi-26-avril-10h00\/#article","isPartOf":{"@id":"https:\/\/cval.fr\/index.php\/2025\/04\/23\/ouverture-de-la-base-ce-samedi-26-avril-10h00\/"},"author":{"name":"admin","@id":"https:\/\/cval.fr\/#\/schema\/person\/233bcea2b3a7fc93e7d29c8b43e41c22"},"headline":"Ouverture de la Base ce Samedi 26 Avril 10h00","datePublished":"2025-04-23T09:35:26+00:00","dateModified":"2025-04-23T09:59:51+00:00","mainEntityOfPage":{"@id":"https:\/\/cval.fr\/index.php\/2025\/04\/23\/ouverture-de-la-base-ce-samedi-26-avril-10h00\/"},"wordCount":545,"image":{"@id":"https:\/\/cval.fr\/index.php\/2025\/04\/23\/ouverture-de-la-base-ce-samedi-26-avril-10h00\/#primaryimage"},"thumbnailUrl":"https:\/\/cval.fr\/wp-content\/uploads\/2025\/04\/image.png","articleSection":["Uncategorized"],"inLanguage":"fr-FR"},{"@type":"WebPage","@id":"https:\/\/cval.fr\/index.php\/2025\/04\/23\/ouverture-de-la-base-ce-samedi-26-avril-10h00\/","url":"https:\/\/cval.fr\/index.php\/2025\/04\/23\/ouverture-de-la-base-ce-samedi-26-avril-10h00\/","name":"Ouverture de la Base ce Samedi 26 Avril 10h00 - Club de Voile et Aviron de Laffrey","isPartOf":{"@id":"https:\/\/cval.fr\/#website"},"primaryImageOfPage":{"@id":"https:\/\/cval.fr\/index.php\/2025\/04\/23\/ouverture-de-la-base-ce-samedi-26-avril-10h00\/#primaryimage"},"image":{"@id":"https:\/\/cval.fr\/index.php\/2025\/04\/23\/ouverture-de-la-base-ce-samedi-26-avril-10h00\/#primaryimage"},"thumbnailUrl":"https:\/\/cval.fr\/wp-content\/uploads\/2025\/04\/image.png","datePublished":"2025-04-23T09:35:26+00:00","dateModified":"2025-04-23T09:59:51+00:00","author":{"@id":"https:\/\/cval.fr\/#\/schema\/person\/233bcea2b3a7fc93e7d29c8b43e41c22"},"breadcrumb":{"@id":"https:\/\/cval.fr\/index.php\/2025\/04\/23\/ouverture-de-la-base-ce-samedi-26-avril-10h00\/#breadcrumb"},"inLanguage":"fr-FR","potentialAction":[{"@type":"ReadAction","target":["https:\/\/cval.fr\/index.php\/2025\/04\/23\/ouverture-de-la-base-ce-samedi-26-avril-10h00\/"]}]},{"@type":"ImageObject","inLanguage":"fr-FR","@id":"https:\/\/cval.fr\/index.php\/2025\/04\/23\/ouverture-de-la-base-ce-samedi-26-avril-10h00\/#primaryimage","url":"https:\/\/cval.fr\/wp-content\/uploads\/2025\/04\/image.png","contentUrl":"https:\/\/cval.fr\/wp-content\/uploads\/2025\/04\/image.png","width":986,"height":518},{"@type":"BreadcrumbList","@id":"https:\/\/cval.fr\/index.php\/2025\/04\/23\/ouverture-de-la-base-ce-samedi-26-avril-10h00\/#breadcrumb","itemListElement":[{"@type":"ListItem","position":1,"name":"Accueil","item":"https:\/\/cval.fr\/"},{"@type":"ListItem","position":2,"name":"Ouverture de la Base ce Samedi 26 Avril 10h00"}]},{"@type":"WebSite","@id":"https:\/\/cval.fr\/#website","url":"https:\/\/cval.fr\/","name":"Club de Voile et Aviron de Laffrey","description":"Un petit bateau dans la t\u00eate ....","potentialAction":[{"@type":"SearchAction","target":{"@type":"EntryPoint","urlTemplate":"https:\/\/cval.fr\/?s={search_term_string}"},"query-input":{"@type":"PropertyValueSpecification","valueRequired":true,"valueName":"search_term_string"}}],"inLanguage":"fr-FR"},{"@type":"Person","@id":"https:\/\/cval.fr\/#\/schema\/person\/233bcea2b3a7fc93e7d29c8b43e41c22","name":"admin","image":{"@type":"ImageObject","inLanguage":"fr-FR","@id":"https:\/\/secure.gravatar.com\/avatar\/041cd813b43b1b449fe7a622bd81876a6d4580da8e61f30cfa434ca1e491a1e0?s=96&d=wavatar&r=g","url":"https:\/\/secure.gravatar.com\/avatar\/041cd813b43b1b449fe7a622bd81876a6d4580da8e61f30cfa434ca1e491a1e0?s=96&d=wavatar&r=g","contentUrl":"https:\/\/secure.gravatar.com\/avatar\/041cd813b43b1b449fe7a622bd81876a6d4580da8e61f30cfa434ca1e491a1e0?s=96&d=wavatar&r=g","caption":"admin"},"sameAs":["https:\/\/cval.fr"],"url":"https:\/\/cval.fr\/index.php\/author\/admin_myancovid\/"}]}},"_links":{"self":[{"href":"https:\/\/cval.fr\/index.php\/wp-json\/wp\/v2\/posts\/542","targetHints":{"allow":["GET"]}}],"collection":[{"href":"https:\/\/cval.fr\/index.php\/wp-json\/wp\/v2\/posts"}],"about":[{"href":"https:\/\/cval.fr\/index.php\/wp-json\/wp\/v2\/types\/post"}],"author":[{"embeddable":true,"href":"https:\/\/cval.fr\/index.php\/wp-json\/wp\/v2\/users\/1"}],"replies":[{"embeddable":true,"href":"https:\/\/cval.fr\/index.php\/wp-json\/wp\/v2\/comments?post=542"}],"version-history":[{"count":6,"href":"https:\/\/cval.fr\/index.php\/wp-json\/wp\/v2\/posts\/542\/revisions"}],"predecessor-version":[{"id":643,"href":"https:\/\/cval.fr\/index.php\/wp-json\/wp\/v2\/posts\/542\/revisions\/643"}],"wp:attachment":[{"href":"https:\/\/cval.fr\/index.php\/wp-json\/wp\/v2\/media?parent=542"}],"wp:term":[{"taxonomy":"category","embeddable":true,"href":"https:\/\/cval.fr\/index.php\/wp-json\/wp\/v2\/categories?post=542"},{"taxonomy":"post_tag","embeddable":true,"href":"https:\/\/cval.fr\/index.php\/wp-json\/wp\/v2\/tags?post=542"}],"curies":[{"name":"wp","href":"https:\/\/api.w.org\/{rel}","templated":true}]}}