{"id":458,"date":"2024-11-30T16:12:53","date_gmt":"2024-11-30T16:12:53","guid":{"rendered":"https:\/\/cval.fr\/?p=458"},"modified":"2024-11-30T16:34:59","modified_gmt":"2024-11-30T16:34:59","slug":"hivernage-saison-2024","status":"publish","type":"post","link":"https:\/\/cval.fr\/index.php\/2024\/11\/30\/hivernage-saison-2024\/","title":{"rendered":"Hivernage Saison 2024"},"content":{"rendered":"Tu dois \u00eatre connect\u00e9 sur le site donc membre du Club pour acc\u00e9der \u00e0 ce contenu, merci !!! <br>\r\nSi tu es effectivement adh\u00e9rente ou adh\u00e9rent au CVAL mais tu n'as pas encore fait ton inscription sur le site c'est par ici: \r\n\r\n<a href=\"https:\/\/cval.fr\/index.php\/inscription\/\">https:\/\/cval.fr\/index.php\/inscription\/<\/a>","protected":false},"excerpt":{"rendered":"","protected":false},"author":1,"featured_media":0,"comment_status":"open","ping_status":"open","sticky":false,"template":"","format":"standard","meta":{"footnotes":""},"categories":[1],"tags":[],"class_list":["post-458","post","type-post","status-publish","format-standard","hentry","category-uncategorized"],"yoast_head":"<!-- This site is optimized with the Yoast SEO plugin v27.4 - https:\/\/yoast.com\/product\/yoast-seo-wordpress\/ -->\n<title>Hivernage Saison 2024 - Club de Voile et Aviron de Laffrey<\/title>\n<meta name=\"description\" content=\"Traditionnel hivernage du Club de Voile Aviron de Laffrey. Des b\u00e9n\u00e9voles actifs sous le soleil pour bichonner le mat\u00e9riel jusqu&#039;\u00e0 la saison prochaine !!\" \/>\n<meta name=\"robots\" content=\"index, follow, max-snippet:-1, max-image-preview:large, max-video-preview:-1\" \/>\n<link rel=\"canonical\" href=\"https:\/\/cval.fr\/index.php\/2024\/11\/30\/hivernage-saison-2024\/\" \/>\n<meta property=\"og:locale\" content=\"fr_FR\" \/>\n<meta property=\"og:type\" content=\"article\" \/>\n<meta property=\"og:title\" content=\"Hivernage Saison 2024 - Club de Voile et Aviron de Laffrey\" \/>\n<meta property=\"og:description\" content=\"Traditionnel hivernage du Club de Voile Aviron de Laffrey. Des b\u00e9n\u00e9voles actifs sous le soleil pour bichonner le mat\u00e9riel jusqu&#039;\u00e0 la saison prochaine !!\" \/>\n<meta property=\"og:url\" content=\"https:\/\/cval.fr\/index.php\/2024\/11\/30\/hivernage-saison-2024\/\" \/>\n<meta property=\"og:site_name\" content=\"Club de Voile et Aviron de Laffrey\" \/>\n<meta property=\"article:published_time\" content=\"2024-11-30T16:12:53+00:00\" \/>\n<meta property=\"article:modified_time\" content=\"2024-11-30T16:34:59+00:00\" \/>\n<meta property=\"og:image\" content=\"https:\/\/cval.fr\/wp-content\/uploads\/2024\/11\/hivernage1.png\" \/>\n\t<meta property=\"og:image:width\" content=\"1157\" \/>\n\t<meta property=\"og:image:height\" content=\"702\" \/>\n\t<meta property=\"og:image:type\" content=\"image\/png\" \/>\n<meta name=\"author\" content=\"admin\" \/>\n<meta name=\"twitter:card\" content=\"summary_large_image\" \/>\n<meta name=\"twitter:label1\" content=\"\u00c9crit par\" \/>\n\t<meta name=\"twitter:data1\" content=\"admin\" \/>\n\t<meta name=\"twitter:label2\" content=\"Dur\u00e9e de lecture estim\u00e9e\" \/>\n\t<meta name=\"twitter:data2\" content=\"2 minutes\" \/>\n<script type=\"application\/ld+json\" class=\"yoast-schema-graph\">{\"@context\":\"https:\\\/\\\/schema.org\",\"@graph\":[{\"@type\":\"Article\",\"@id\":\"https:\\\/\\\/cval.fr\\\/index.php\\\/2024\\\/11\\\/30\\\/hivernage-saison-2024\\\/#article\",\"isPartOf\":{\"@id\":\"https:\\\/\\\/cval.fr\\\/index.php\\\/2024\\\/11\\\/30\\\/hivernage-saison-2024\\\/\"},\"author\":{\"name\":\"admin\",\"@id\":\"https:\\\/\\\/cval.fr\\\/#\\\/schema\\\/person\\\/233bcea2b3a7fc93e7d29c8b43e41c22\"},\"headline\":\"Hivernage Saison 2024\",\"datePublished\":\"2024-11-30T16:12:53+00:00\",\"dateModified\":\"2024-11-30T16:34:59+00:00\",\"mainEntityOfPage\":{\"@id\":\"https:\\\/\\\/cval.fr\\\/index.php\\\/2024\\\/11\\\/30\\\/hivernage-saison-2024\\\/\"},\"wordCount\":67,\"commentCount\":0,\"image\":{\"@id\":\"https:\\\/\\\/cval.fr\\\/index.php\\\/2024\\\/11\\\/30\\\/hivernage-saison-2024\\\/#primaryimage\"},\"thumbnailUrl\":\"https:\\\/\\\/cval.fr\\\/wp-content\\\/uploads\\\/2024\\\/11\\\/hivernage1-1024x621.png\",\"articleSection\":[\"Uncategorized\"],\"inLanguage\":\"fr-FR\",\"potentialAction\":[{\"@type\":\"CommentAction\",\"name\":\"Comment\",\"target\":[\"https:\\\/\\\/cval.fr\\\/index.php\\\/2024\\\/11\\\/30\\\/hivernage-saison-2024\\\/#respond\"]}]},{\"@type\":\"WebPage\",\"@id\":\"https:\\\/\\\/cval.fr\\\/index.php\\\/2024\\\/11\\\/30\\\/hivernage-saison-2024\\\/\",\"url\":\"https:\\\/\\\/cval.fr\\\/index.php\\\/2024\\\/11\\\/30\\\/hivernage-saison-2024\\\/\",\"name\":\"Hivernage Saison 2024 - Club de Voile et Aviron de Laffrey\",\"isPartOf\":{\"@id\":\"https:\\\/\\\/cval.fr\\\/#website\"},\"primaryImageOfPage\":{\"@id\":\"https:\\\/\\\/cval.fr\\\/index.php\\\/2024\\\/11\\\/30\\\/hivernage-saison-2024\\\/#primaryimage\"},\"image\":{\"@id\":\"https:\\\/\\\/cval.fr\\\/index.php\\\/2024\\\/11\\\/30\\\/hivernage-saison-2024\\\/#primaryimage\"},\"thumbnailUrl\":\"https:\\\/\\\/cval.fr\\\/wp-content\\\/uploads\\\/2024\\\/11\\\/hivernage1-1024x621.png\",\"datePublished\":\"2024-11-30T16:12:53+00:00\",\"dateModified\":\"2024-11-30T16:34:59+00:00\",\"author\":{\"@id\":\"https:\\\/\\\/cval.fr\\\/#\\\/schema\\\/person\\\/233bcea2b3a7fc93e7d29c8b43e41c22\"},\"description\":\"Traditionnel hivernage du Club de Voile Aviron de Laffrey. Des b\u00e9n\u00e9voles actifs sous le soleil pour bichonner le mat\u00e9riel jusqu'\u00e0 la saison prochaine !!\",\"breadcrumb\":{\"@id\":\"https:\\\/\\\/cval.fr\\\/index.php\\\/2024\\\/11\\\/30\\\/hivernage-saison-2024\\\/#breadcrumb\"},\"inLanguage\":\"fr-FR\",\"potentialAction\":[{\"@type\":\"ReadAction\",\"target\":[\"https:\\\/\\\/cval.fr\\\/index.php\\\/2024\\\/11\\\/30\\\/hivernage-saison-2024\\\/\"]}]},{\"@type\":\"ImageObject\",\"inLanguage\":\"fr-FR\",\"@id\":\"https:\\\/\\\/cval.fr\\\/index.php\\\/2024\\\/11\\\/30\\\/hivernage-saison-2024\\\/#primaryimage\",\"url\":\"https:\\\/\\\/cval.fr\\\/wp-content\\\/uploads\\\/2024\\\/11\\\/hivernage1.png\",\"contentUrl\":\"https:\\\/\\\/cval.fr\\\/wp-content\\\/uploads\\\/2024\\\/11\\\/hivernage1.png\",\"width\":1157,\"height\":702,\"caption\":\"KIikklak Kodak\"},{\"@type\":\"BreadcrumbList\",\"@id\":\"https:\\\/\\\/cval.fr\\\/index.php\\\/2024\\\/11\\\/30\\\/hivernage-saison-2024\\\/#breadcrumb\",\"itemListElement\":[{\"@type\":\"ListItem\",\"position\":1,\"name\":\"Accueil\",\"item\":\"https:\\\/\\\/cval.fr\\\/\"},{\"@type\":\"ListItem\",\"position\":2,\"name\":\"Hivernage Saison 2024\"}]},{\"@type\":\"WebSite\",\"@id\":\"https:\\\/\\\/cval.fr\\\/#website\",\"url\":\"https:\\\/\\\/cval.fr\\\/\",\"name\":\"Club de Voile et Aviron de Laffrey\",\"description\":\"Un petit bateau dans la t\u00eate ....\",\"potentialAction\":[{\"@type\":\"SearchAction\",\"target\":{\"@type\":\"EntryPoint\",\"urlTemplate\":\"https:\\\/\\\/cval.fr\\\/?s={search_term_string}\"},\"query-input\":{\"@type\":\"PropertyValueSpecification\",\"valueRequired\":true,\"valueName\":\"search_term_string\"}}],\"inLanguage\":\"fr-FR\"},{\"@type\":\"Person\",\"@id\":\"https:\\\/\\\/cval.fr\\\/#\\\/schema\\\/person\\\/233bcea2b3a7fc93e7d29c8b43e41c22\",\"name\":\"admin\",\"image\":{\"@type\":\"ImageObject\",\"inLanguage\":\"fr-FR\",\"@id\":\"https:\\\/\\\/secure.gravatar.com\\\/avatar\\\/041cd813b43b1b449fe7a622bd81876a6d4580da8e61f30cfa434ca1e491a1e0?s=96&d=wavatar&r=g\",\"url\":\"https:\\\/\\\/secure.gravatar.com\\\/avatar\\\/041cd813b43b1b449fe7a622bd81876a6d4580da8e61f30cfa434ca1e491a1e0?s=96&d=wavatar&r=g\",\"contentUrl\":\"https:\\\/\\\/secure.gravatar.com\\\/avatar\\\/041cd813b43b1b449fe7a622bd81876a6d4580da8e61f30cfa434ca1e491a1e0?s=96&d=wavatar&r=g\",\"caption\":\"admin\"},\"sameAs\":[\"https:\\\/\\\/cval.fr\"],\"url\":\"https:\\\/\\\/cval.fr\\\/index.php\\\/author\\\/admin_myancovid\\\/\"}]}<\/script>\n<!-- \/ Yoast SEO plugin. -->","yoast_head_json":{"title":"Hivernage Saison 2024 - Club de Voile et Aviron de Laffrey","description":"Traditionnel hivernage du Club de Voile Aviron de Laffrey. Des b\u00e9n\u00e9voles actifs sous le soleil pour bichonner le mat\u00e9riel jusqu'\u00e0 la saison prochaine !!","robots":{"index":"index","follow":"follow","max-snippet":"max-snippet:-1","max-image-preview":"max-image-preview:large","max-video-preview":"max-video-preview:-1"},"canonical":"https:\/\/cval.fr\/index.php\/2024\/11\/30\/hivernage-saison-2024\/","og_locale":"fr_FR","og_type":"article","og_title":"Hivernage Saison 2024 - Club de Voile et Aviron de Laffrey","og_description":"Traditionnel hivernage du Club de Voile Aviron de Laffrey. Des b\u00e9n\u00e9voles actifs sous le soleil pour bichonner le mat\u00e9riel jusqu'\u00e0 la saison prochaine !!","og_url":"https:\/\/cval.fr\/index.php\/2024\/11\/30\/hivernage-saison-2024\/","og_site_name":"Club de Voile et Aviron de Laffrey","article_published_time":"2024-11-30T16:12:53+00:00","article_modified_time":"2024-11-30T16:34:59+00:00","og_image":[{"width":1157,"height":702,"url":"https:\/\/cval.fr\/wp-content\/uploads\/2024\/11\/hivernage1.png","type":"image\/png"}],"author":"admin","twitter_card":"summary_large_image","twitter_misc":{"\u00c9crit par":"admin","Dur\u00e9e de lecture estim\u00e9e":"2 minutes"},"schema":{"@context":"https:\/\/schema.org","@graph":[{"@type":"Article","@id":"https:\/\/cval.fr\/index.php\/2024\/11\/30\/hivernage-saison-2024\/#article","isPartOf":{"@id":"https:\/\/cval.fr\/index.php\/2024\/11\/30\/hivernage-saison-2024\/"},"author":{"name":"admin","@id":"https:\/\/cval.fr\/#\/schema\/person\/233bcea2b3a7fc93e7d29c8b43e41c22"},"headline":"Hivernage Saison 2024","datePublished":"2024-11-30T16:12:53+00:00","dateModified":"2024-11-30T16:34:59+00:00","mainEntityOfPage":{"@id":"https:\/\/cval.fr\/index.php\/2024\/11\/30\/hivernage-saison-2024\/"},"wordCount":67,"commentCount":0,"image":{"@id":"https:\/\/cval.fr\/index.php\/2024\/11\/30\/hivernage-saison-2024\/#primaryimage"},"thumbnailUrl":"https:\/\/cval.fr\/wp-content\/uploads\/2024\/11\/hivernage1-1024x621.png","articleSection":["Uncategorized"],"inLanguage":"fr-FR","potentialAction":[{"@type":"CommentAction","name":"Comment","target":["https:\/\/cval.fr\/index.php\/2024\/11\/30\/hivernage-saison-2024\/#respond"]}]},{"@type":"WebPage","@id":"https:\/\/cval.fr\/index.php\/2024\/11\/30\/hivernage-saison-2024\/","url":"https:\/\/cval.fr\/index.php\/2024\/11\/30\/hivernage-saison-2024\/","name":"Hivernage Saison 2024 - Club de Voile et Aviron de Laffrey","isPartOf":{"@id":"https:\/\/cval.fr\/#website"},"primaryImageOfPage":{"@id":"https:\/\/cval.fr\/index.php\/2024\/11\/30\/hivernage-saison-2024\/#primaryimage"},"image":{"@id":"https:\/\/cval.fr\/index.php\/2024\/11\/30\/hivernage-saison-2024\/#primaryimage"},"thumbnailUrl":"https:\/\/cval.fr\/wp-content\/uploads\/2024\/11\/hivernage1-1024x621.png","datePublished":"2024-11-30T16:12:53+00:00","dateModified":"2024-11-30T16:34:59+00:00","author":{"@id":"https:\/\/cval.fr\/#\/schema\/person\/233bcea2b3a7fc93e7d29c8b43e41c22"},"description":"Traditionnel hivernage du Club de Voile Aviron de Laffrey. Des b\u00e9n\u00e9voles actifs sous le soleil pour bichonner le mat\u00e9riel jusqu'\u00e0 la saison prochaine !!","breadcrumb":{"@id":"https:\/\/cval.fr\/index.php\/2024\/11\/30\/hivernage-saison-2024\/#breadcrumb"},"inLanguage":"fr-FR","potentialAction":[{"@type":"ReadAction","target":["https:\/\/cval.fr\/index.php\/2024\/11\/30\/hivernage-saison-2024\/"]}]},{"@type":"ImageObject","inLanguage":"fr-FR","@id":"https:\/\/cval.fr\/index.php\/2024\/11\/30\/hivernage-saison-2024\/#primaryimage","url":"https:\/\/cval.fr\/wp-content\/uploads\/2024\/11\/hivernage1.png","contentUrl":"https:\/\/cval.fr\/wp-content\/uploads\/2024\/11\/hivernage1.png","width":1157,"height":702,"caption":"KIikklak Kodak"},{"@type":"BreadcrumbList","@id":"https:\/\/cval.fr\/index.php\/2024\/11\/30\/hivernage-saison-2024\/#breadcrumb","itemListElement":[{"@type":"ListItem","position":1,"name":"Accueil","item":"https:\/\/cval.fr\/"},{"@type":"ListItem","position":2,"name":"Hivernage Saison 2024"}]},{"@type":"WebSite","@id":"https:\/\/cval.fr\/#website","url":"https:\/\/cval.fr\/","name":"Club de Voile et Aviron de Laffrey","description":"Un petit bateau dans la t\u00eate ....","potentialAction":[{"@type":"SearchAction","target":{"@type":"EntryPoint","urlTemplate":"https:\/\/cval.fr\/?s={search_term_string}"},"query-input":{"@type":"PropertyValueSpecification","valueRequired":true,"valueName":"search_term_string"}}],"inLanguage":"fr-FR"},{"@type":"Person","@id":"https:\/\/cval.fr\/#\/schema\/person\/233bcea2b3a7fc93e7d29c8b43e41c22","name":"admin","image":{"@type":"ImageObject","inLanguage":"fr-FR","@id":"https:\/\/secure.gravatar.com\/avatar\/041cd813b43b1b449fe7a622bd81876a6d4580da8e61f30cfa434ca1e491a1e0?s=96&d=wavatar&r=g","url":"https:\/\/secure.gravatar.com\/avatar\/041cd813b43b1b449fe7a622bd81876a6d4580da8e61f30cfa434ca1e491a1e0?s=96&d=wavatar&r=g","contentUrl":"https:\/\/secure.gravatar.com\/avatar\/041cd813b43b1b449fe7a622bd81876a6d4580da8e61f30cfa434ca1e491a1e0?s=96&d=wavatar&r=g","caption":"admin"},"sameAs":["https:\/\/cval.fr"],"url":"https:\/\/cval.fr\/index.php\/author\/admin_myancovid\/"}]}},"_links":{"self":[{"href":"https:\/\/cval.fr\/index.php\/wp-json\/wp\/v2\/posts\/458","targetHints":{"allow":["GET"]}}],"collection":[{"href":"https:\/\/cval.fr\/index.php\/wp-json\/wp\/v2\/posts"}],"about":[{"href":"https:\/\/cval.fr\/index.php\/wp-json\/wp\/v2\/types\/post"}],"author":[{"embeddable":true,"href":"https:\/\/cval.fr\/index.php\/wp-json\/wp\/v2\/users\/1"}],"replies":[{"embeddable":true,"href":"https:\/\/cval.fr\/index.php\/wp-json\/wp\/v2\/comments?post=458"}],"version-history":[{"count":2,"href":"https:\/\/cval.fr\/index.php\/wp-json\/wp\/v2\/posts\/458\/revisions"}],"predecessor-version":[{"id":461,"href":"https:\/\/cval.fr\/index.php\/wp-json\/wp\/v2\/posts\/458\/revisions\/461"}],"wp:attachment":[{"href":"https:\/\/cval.fr\/index.php\/wp-json\/wp\/v2\/media?parent=458"}],"wp:term":[{"taxonomy":"category","embeddable":true,"href":"https:\/\/cval.fr\/index.php\/wp-json\/wp\/v2\/categories?post=458"},{"taxonomy":"post_tag","embeddable":true,"href":"https:\/\/cval.fr\/index.php\/wp-json\/wp\/v2\/tags?post=458"}],"curies":[{"name":"wp","href":"https:\/\/api.w.org\/{rel}","templated":true}]}}