{"id":394,"date":"2024-07-01T20:18:44","date_gmt":"2024-07-01T20:18:44","guid":{"rendered":"https:\/\/cval.fr\/?p=394"},"modified":"2024-07-03T11:40:21","modified_gmt":"2024-07-03T11:40:21","slug":"annulation-de-la-randonnee-monteynard-du-7-juillet-2024","status":"publish","type":"post","link":"https:\/\/cval.fr\/index.php\/2024\/07\/01\/annulation-de-la-randonnee-monteynard-du-7-juillet-2024\/","title":{"rendered":"Annulation de la randonn\u00e9e Monteynard du 7 juillet 2024"},"content":{"rendered":"\n<figure class=\"wp-block-image size-large\"><img loading=\"lazy\" decoding=\"async\" width=\"512\" height=\"1024\" src=\"https:\/\/cval.fr\/wp-content\/uploads\/2024\/07\/IMG-20240620-WA0001-512x1024.jpg\" alt=\"\" class=\"wp-image-395\" srcset=\"https:\/\/cval.fr\/wp-content\/uploads\/2024\/07\/IMG-20240620-WA0001-512x1024.jpg 512w, https:\/\/cval.fr\/wp-content\/uploads\/2024\/07\/IMG-20240620-WA0001-150x300.jpg 150w, https:\/\/cval.fr\/wp-content\/uploads\/2024\/07\/IMG-20240620-WA0001.jpg 720w\" sizes=\"auto, (max-width: 512px) 100vw, 512px\" \/><\/figure>\n\n\n\n<p><\/p>\n\n\n\n<p>Je viens d&#8217;avoir cette information: le niveau d&#8217;eau du lac du Monteynard a atteint un niveau tellement \u00e9lev\u00e9 que l&#8217;accueil de nos yolettes n&#8217;est plus possible. Et il n&#8217;y a aucune chance pour qu&#8217;il descende suffisamment d&#8217;ici 8 jours. Nous sommes contraints d&#8217;annuler notre randonn\u00e9e aviron du dim 07 juillet. <\/p>\n\n\n\n<p>Nous sommes bien d\u00e9\u00e7us de \u00e7a, mais la nature est plus forte que nous et elle fait loi.<\/p>\n\n\n\n<p>Je suis vraiment d\u00e9sol\u00e9 de cette annulation, et tous les b\u00e9n\u00e9voles du CVAL qui ont travaill\u00e9 \u00e0 l&#8217;organisation de cet \u00e9v\u00e9nement le sont aussi.<\/p>\n\n\n\n<p>Nous esp\u00e9rons bien que de meilleures conditions nous permettront de vous accueillir l&#8217;an prochain.<\/p>\n\n\n\n<p>Hubert<\/p>\n\n\n\n<p>Cvalement votre<\/p>\n\n\n\n<p><\/p>\n","protected":false},"excerpt":{"rendered":"<p>Je viens d&#8217;avoir cette information: le niveau d&#8217;eau du lac du Monteynard a atteint un niveau tellement \u00e9lev\u00e9 que l&#8217;accueil de nos yolettes n&#8217;est plus possible. Et il n&#8217;y a &#8230; <a title=\"Annulation de la randonn\u00e9e Monteynard du 7 juillet 2024\" class=\"read-more\" href=\"https:\/\/cval.fr\/index.php\/2024\/07\/01\/annulation-de-la-randonnee-monteynard-du-7-juillet-2024\/\" aria-label=\"En savoir plus sur Annulation de la randonn\u00e9e Monteynard du 7 juillet 2024\">Lire la suite<\/a><\/p>\n","protected":false},"author":50,"featured_media":0,"comment_status":"closed","ping_status":"open","sticky":false,"template":"","format":"standard","meta":{"footnotes":""},"categories":[1],"tags":[],"class_list":["post-394","post","type-post","status-publish","format-standard","hentry","category-uncategorized"],"yoast_head":"<!-- This site is optimized with the Yoast SEO plugin v27.4 - https:\/\/yoast.com\/product\/yoast-seo-wordpress\/ -->\n<title>Annulation de la randonn\u00e9e Monteynard du 7 juillet 2024 - Club de Voile et Aviron de Laffrey<\/title>\n<meta name=\"robots\" content=\"index, follow, max-snippet:-1, max-image-preview:large, max-video-preview:-1\" \/>\n<link rel=\"canonical\" href=\"https:\/\/cval.fr\/index.php\/2024\/07\/01\/annulation-de-la-randonnee-monteynard-du-7-juillet-2024\/\" \/>\n<meta property=\"og:locale\" content=\"fr_FR\" \/>\n<meta property=\"og:type\" content=\"article\" \/>\n<meta property=\"og:title\" content=\"Annulation de la randonn\u00e9e Monteynard du 7 juillet 2024 - Club de Voile et Aviron de Laffrey\" \/>\n<meta property=\"og:description\" content=\"Je viens d&#8217;avoir cette information: le niveau d&#8217;eau du lac du Monteynard a atteint un niveau tellement \u00e9lev\u00e9 que l&#8217;accueil de nos yolettes n&#8217;est plus possible. Et il n&#8217;y a ... Lire la suite\" \/>\n<meta property=\"og:url\" content=\"https:\/\/cval.fr\/index.php\/2024\/07\/01\/annulation-de-la-randonnee-monteynard-du-7-juillet-2024\/\" \/>\n<meta property=\"og:site_name\" content=\"Club de Voile et Aviron de Laffrey\" \/>\n<meta property=\"article:published_time\" content=\"2024-07-01T20:18:44+00:00\" \/>\n<meta property=\"article:modified_time\" content=\"2024-07-03T11:40:21+00:00\" \/>\n<meta property=\"og:image\" content=\"https:\/\/cval.fr\/wp-content\/uploads\/2024\/07\/IMG-20240620-WA0001-512x1024.jpg\" \/>\n<meta name=\"author\" content=\"frederick008@free.fr\" \/>\n<meta name=\"twitter:card\" content=\"summary_large_image\" \/>\n<meta name=\"twitter:label1\" content=\"\u00c9crit par\" \/>\n\t<meta name=\"twitter:data1\" content=\"frederick008@free.fr\" \/>\n\t<meta name=\"twitter:label2\" content=\"Dur\u00e9e de lecture estim\u00e9e\" \/>\n\t<meta name=\"twitter:data2\" content=\"1 minute\" \/>\n<script type=\"application\/ld+json\" class=\"yoast-schema-graph\">{\"@context\":\"https:\\\/\\\/schema.org\",\"@graph\":[{\"@type\":\"Article\",\"@id\":\"https:\\\/\\\/cval.fr\\\/index.php\\\/2024\\\/07\\\/01\\\/annulation-de-la-randonnee-monteynard-du-7-juillet-2024\\\/#article\",\"isPartOf\":{\"@id\":\"https:\\\/\\\/cval.fr\\\/index.php\\\/2024\\\/07\\\/01\\\/annulation-de-la-randonnee-monteynard-du-7-juillet-2024\\\/\"},\"author\":{\"name\":\"frederick008@free.fr\",\"@id\":\"https:\\\/\\\/cval.fr\\\/#\\\/schema\\\/person\\\/e88597d84660167f8b76a219d0d5febb\"},\"headline\":\"Annulation de la randonn\u00e9e Monteynard du 7 juillet 2024\",\"datePublished\":\"2024-07-01T20:18:44+00:00\",\"dateModified\":\"2024-07-03T11:40:21+00:00\",\"mainEntityOfPage\":{\"@id\":\"https:\\\/\\\/cval.fr\\\/index.php\\\/2024\\\/07\\\/01\\\/annulation-de-la-randonnee-monteynard-du-7-juillet-2024\\\/\"},\"wordCount\":131,\"image\":{\"@id\":\"https:\\\/\\\/cval.fr\\\/index.php\\\/2024\\\/07\\\/01\\\/annulation-de-la-randonnee-monteynard-du-7-juillet-2024\\\/#primaryimage\"},\"thumbnailUrl\":\"https:\\\/\\\/cval.fr\\\/wp-content\\\/uploads\\\/2024\\\/07\\\/IMG-20240620-WA0001-512x1024.jpg\",\"articleSection\":[\"Uncategorized\"],\"inLanguage\":\"fr-FR\"},{\"@type\":\"WebPage\",\"@id\":\"https:\\\/\\\/cval.fr\\\/index.php\\\/2024\\\/07\\\/01\\\/annulation-de-la-randonnee-monteynard-du-7-juillet-2024\\\/\",\"url\":\"https:\\\/\\\/cval.fr\\\/index.php\\\/2024\\\/07\\\/01\\\/annulation-de-la-randonnee-monteynard-du-7-juillet-2024\\\/\",\"name\":\"Annulation de la randonn\u00e9e Monteynard du 7 juillet 2024 - Club de Voile et Aviron de Laffrey\",\"isPartOf\":{\"@id\":\"https:\\\/\\\/cval.fr\\\/#website\"},\"primaryImageOfPage\":{\"@id\":\"https:\\\/\\\/cval.fr\\\/index.php\\\/2024\\\/07\\\/01\\\/annulation-de-la-randonnee-monteynard-du-7-juillet-2024\\\/#primaryimage\"},\"image\":{\"@id\":\"https:\\\/\\\/cval.fr\\\/index.php\\\/2024\\\/07\\\/01\\\/annulation-de-la-randonnee-monteynard-du-7-juillet-2024\\\/#primaryimage\"},\"thumbnailUrl\":\"https:\\\/\\\/cval.fr\\\/wp-content\\\/uploads\\\/2024\\\/07\\\/IMG-20240620-WA0001-512x1024.jpg\",\"datePublished\":\"2024-07-01T20:18:44+00:00\",\"dateModified\":\"2024-07-03T11:40:21+00:00\",\"author\":{\"@id\":\"https:\\\/\\\/cval.fr\\\/#\\\/schema\\\/person\\\/e88597d84660167f8b76a219d0d5febb\"},\"breadcrumb\":{\"@id\":\"https:\\\/\\\/cval.fr\\\/index.php\\\/2024\\\/07\\\/01\\\/annulation-de-la-randonnee-monteynard-du-7-juillet-2024\\\/#breadcrumb\"},\"inLanguage\":\"fr-FR\",\"potentialAction\":[{\"@type\":\"ReadAction\",\"target\":[\"https:\\\/\\\/cval.fr\\\/index.php\\\/2024\\\/07\\\/01\\\/annulation-de-la-randonnee-monteynard-du-7-juillet-2024\\\/\"]}]},{\"@type\":\"ImageObject\",\"inLanguage\":\"fr-FR\",\"@id\":\"https:\\\/\\\/cval.fr\\\/index.php\\\/2024\\\/07\\\/01\\\/annulation-de-la-randonnee-monteynard-du-7-juillet-2024\\\/#primaryimage\",\"url\":\"https:\\\/\\\/cval.fr\\\/wp-content\\\/uploads\\\/2024\\\/07\\\/IMG-20240620-WA0001.jpg\",\"contentUrl\":\"https:\\\/\\\/cval.fr\\\/wp-content\\\/uploads\\\/2024\\\/07\\\/IMG-20240620-WA0001.jpg\",\"width\":720,\"height\":1440},{\"@type\":\"BreadcrumbList\",\"@id\":\"https:\\\/\\\/cval.fr\\\/index.php\\\/2024\\\/07\\\/01\\\/annulation-de-la-randonnee-monteynard-du-7-juillet-2024\\\/#breadcrumb\",\"itemListElement\":[{\"@type\":\"ListItem\",\"position\":1,\"name\":\"Accueil\",\"item\":\"https:\\\/\\\/cval.fr\\\/\"},{\"@type\":\"ListItem\",\"position\":2,\"name\":\"Annulation de la randonn\u00e9e Monteynard du 7 juillet 2024\"}]},{\"@type\":\"WebSite\",\"@id\":\"https:\\\/\\\/cval.fr\\\/#website\",\"url\":\"https:\\\/\\\/cval.fr\\\/\",\"name\":\"Club de Voile et Aviron de Laffrey\",\"description\":\"Un petit bateau dans la t\u00eate ....\",\"potentialAction\":[{\"@type\":\"SearchAction\",\"target\":{\"@type\":\"EntryPoint\",\"urlTemplate\":\"https:\\\/\\\/cval.fr\\\/?s={search_term_string}\"},\"query-input\":{\"@type\":\"PropertyValueSpecification\",\"valueRequired\":true,\"valueName\":\"search_term_string\"}}],\"inLanguage\":\"fr-FR\"},{\"@type\":\"Person\",\"@id\":\"https:\\\/\\\/cval.fr\\\/#\\\/schema\\\/person\\\/e88597d84660167f8b76a219d0d5febb\",\"name\":\"frederick008@free.fr\",\"image\":{\"@type\":\"ImageObject\",\"inLanguage\":\"fr-FR\",\"@id\":\"https:\\\/\\\/secure.gravatar.com\\\/avatar\\\/371dd6000515d44a69b5f11c043e1ee77f19ff1c73d2f1b16f4510a64afa8fd5?s=96&d=wavatar&r=g\",\"url\":\"https:\\\/\\\/secure.gravatar.com\\\/avatar\\\/371dd6000515d44a69b5f11c043e1ee77f19ff1c73d2f1b16f4510a64afa8fd5?s=96&d=wavatar&r=g\",\"contentUrl\":\"https:\\\/\\\/secure.gravatar.com\\\/avatar\\\/371dd6000515d44a69b5f11c043e1ee77f19ff1c73d2f1b16f4510a64afa8fd5?s=96&d=wavatar&r=g\",\"caption\":\"frederick008@free.fr\"},\"url\":\"https:\\\/\\\/cval.fr\\\/index.php\\\/author\\\/frederick008free-fr\\\/\"}]}<\/script>\n<!-- \/ Yoast SEO plugin. -->","yoast_head_json":{"title":"Annulation de la randonn\u00e9e Monteynard du 7 juillet 2024 - Club de Voile et Aviron de Laffrey","robots":{"index":"index","follow":"follow","max-snippet":"max-snippet:-1","max-image-preview":"max-image-preview:large","max-video-preview":"max-video-preview:-1"},"canonical":"https:\/\/cval.fr\/index.php\/2024\/07\/01\/annulation-de-la-randonnee-monteynard-du-7-juillet-2024\/","og_locale":"fr_FR","og_type":"article","og_title":"Annulation de la randonn\u00e9e Monteynard du 7 juillet 2024 - Club de Voile et Aviron de Laffrey","og_description":"Je viens d&#8217;avoir cette information: le niveau d&#8217;eau du lac du Monteynard a atteint un niveau tellement \u00e9lev\u00e9 que l&#8217;accueil de nos yolettes n&#8217;est plus possible. Et il n&#8217;y a ... Lire la suite","og_url":"https:\/\/cval.fr\/index.php\/2024\/07\/01\/annulation-de-la-randonnee-monteynard-du-7-juillet-2024\/","og_site_name":"Club de Voile et Aviron de Laffrey","article_published_time":"2024-07-01T20:18:44+00:00","article_modified_time":"2024-07-03T11:40:21+00:00","og_image":[{"url":"https:\/\/cval.fr\/wp-content\/uploads\/2024\/07\/IMG-20240620-WA0001-512x1024.jpg","type":"","width":"","height":""}],"author":"frederick008@free.fr","twitter_card":"summary_large_image","twitter_misc":{"\u00c9crit par":"frederick008@free.fr","Dur\u00e9e de lecture estim\u00e9e":"1 minute"},"schema":{"@context":"https:\/\/schema.org","@graph":[{"@type":"Article","@id":"https:\/\/cval.fr\/index.php\/2024\/07\/01\/annulation-de-la-randonnee-monteynard-du-7-juillet-2024\/#article","isPartOf":{"@id":"https:\/\/cval.fr\/index.php\/2024\/07\/01\/annulation-de-la-randonnee-monteynard-du-7-juillet-2024\/"},"author":{"name":"frederick008@free.fr","@id":"https:\/\/cval.fr\/#\/schema\/person\/e88597d84660167f8b76a219d0d5febb"},"headline":"Annulation de la randonn\u00e9e Monteynard du 7 juillet 2024","datePublished":"2024-07-01T20:18:44+00:00","dateModified":"2024-07-03T11:40:21+00:00","mainEntityOfPage":{"@id":"https:\/\/cval.fr\/index.php\/2024\/07\/01\/annulation-de-la-randonnee-monteynard-du-7-juillet-2024\/"},"wordCount":131,"image":{"@id":"https:\/\/cval.fr\/index.php\/2024\/07\/01\/annulation-de-la-randonnee-monteynard-du-7-juillet-2024\/#primaryimage"},"thumbnailUrl":"https:\/\/cval.fr\/wp-content\/uploads\/2024\/07\/IMG-20240620-WA0001-512x1024.jpg","articleSection":["Uncategorized"],"inLanguage":"fr-FR"},{"@type":"WebPage","@id":"https:\/\/cval.fr\/index.php\/2024\/07\/01\/annulation-de-la-randonnee-monteynard-du-7-juillet-2024\/","url":"https:\/\/cval.fr\/index.php\/2024\/07\/01\/annulation-de-la-randonnee-monteynard-du-7-juillet-2024\/","name":"Annulation de la randonn\u00e9e Monteynard du 7 juillet 2024 - Club de Voile et Aviron de Laffrey","isPartOf":{"@id":"https:\/\/cval.fr\/#website"},"primaryImageOfPage":{"@id":"https:\/\/cval.fr\/index.php\/2024\/07\/01\/annulation-de-la-randonnee-monteynard-du-7-juillet-2024\/#primaryimage"},"image":{"@id":"https:\/\/cval.fr\/index.php\/2024\/07\/01\/annulation-de-la-randonnee-monteynard-du-7-juillet-2024\/#primaryimage"},"thumbnailUrl":"https:\/\/cval.fr\/wp-content\/uploads\/2024\/07\/IMG-20240620-WA0001-512x1024.jpg","datePublished":"2024-07-01T20:18:44+00:00","dateModified":"2024-07-03T11:40:21+00:00","author":{"@id":"https:\/\/cval.fr\/#\/schema\/person\/e88597d84660167f8b76a219d0d5febb"},"breadcrumb":{"@id":"https:\/\/cval.fr\/index.php\/2024\/07\/01\/annulation-de-la-randonnee-monteynard-du-7-juillet-2024\/#breadcrumb"},"inLanguage":"fr-FR","potentialAction":[{"@type":"ReadAction","target":["https:\/\/cval.fr\/index.php\/2024\/07\/01\/annulation-de-la-randonnee-monteynard-du-7-juillet-2024\/"]}]},{"@type":"ImageObject","inLanguage":"fr-FR","@id":"https:\/\/cval.fr\/index.php\/2024\/07\/01\/annulation-de-la-randonnee-monteynard-du-7-juillet-2024\/#primaryimage","url":"https:\/\/cval.fr\/wp-content\/uploads\/2024\/07\/IMG-20240620-WA0001.jpg","contentUrl":"https:\/\/cval.fr\/wp-content\/uploads\/2024\/07\/IMG-20240620-WA0001.jpg","width":720,"height":1440},{"@type":"BreadcrumbList","@id":"https:\/\/cval.fr\/index.php\/2024\/07\/01\/annulation-de-la-randonnee-monteynard-du-7-juillet-2024\/#breadcrumb","itemListElement":[{"@type":"ListItem","position":1,"name":"Accueil","item":"https:\/\/cval.fr\/"},{"@type":"ListItem","position":2,"name":"Annulation de la randonn\u00e9e Monteynard du 7 juillet 2024"}]},{"@type":"WebSite","@id":"https:\/\/cval.fr\/#website","url":"https:\/\/cval.fr\/","name":"Club de Voile et Aviron de Laffrey","description":"Un petit bateau dans la t\u00eate ....","potentialAction":[{"@type":"SearchAction","target":{"@type":"EntryPoint","urlTemplate":"https:\/\/cval.fr\/?s={search_term_string}"},"query-input":{"@type":"PropertyValueSpecification","valueRequired":true,"valueName":"search_term_string"}}],"inLanguage":"fr-FR"},{"@type":"Person","@id":"https:\/\/cval.fr\/#\/schema\/person\/e88597d84660167f8b76a219d0d5febb","name":"frederick008@free.fr","image":{"@type":"ImageObject","inLanguage":"fr-FR","@id":"https:\/\/secure.gravatar.com\/avatar\/371dd6000515d44a69b5f11c043e1ee77f19ff1c73d2f1b16f4510a64afa8fd5?s=96&d=wavatar&r=g","url":"https:\/\/secure.gravatar.com\/avatar\/371dd6000515d44a69b5f11c043e1ee77f19ff1c73d2f1b16f4510a64afa8fd5?s=96&d=wavatar&r=g","contentUrl":"https:\/\/secure.gravatar.com\/avatar\/371dd6000515d44a69b5f11c043e1ee77f19ff1c73d2f1b16f4510a64afa8fd5?s=96&d=wavatar&r=g","caption":"frederick008@free.fr"},"url":"https:\/\/cval.fr\/index.php\/author\/frederick008free-fr\/"}]}},"_links":{"self":[{"href":"https:\/\/cval.fr\/index.php\/wp-json\/wp\/v2\/posts\/394","targetHints":{"allow":["GET"]}}],"collection":[{"href":"https:\/\/cval.fr\/index.php\/wp-json\/wp\/v2\/posts"}],"about":[{"href":"https:\/\/cval.fr\/index.php\/wp-json\/wp\/v2\/types\/post"}],"author":[{"embeddable":true,"href":"https:\/\/cval.fr\/index.php\/wp-json\/wp\/v2\/users\/50"}],"replies":[{"embeddable":true,"href":"https:\/\/cval.fr\/index.php\/wp-json\/wp\/v2\/comments?post=394"}],"version-history":[{"count":7,"href":"https:\/\/cval.fr\/index.php\/wp-json\/wp\/v2\/posts\/394\/revisions"}],"predecessor-version":[{"id":411,"href":"https:\/\/cval.fr\/index.php\/wp-json\/wp\/v2\/posts\/394\/revisions\/411"}],"wp:attachment":[{"href":"https:\/\/cval.fr\/index.php\/wp-json\/wp\/v2\/media?parent=394"}],"wp:term":[{"taxonomy":"category","embeddable":true,"href":"https:\/\/cval.fr\/index.php\/wp-json\/wp\/v2\/categories?post=394"},{"taxonomy":"post_tag","embeddable":true,"href":"https:\/\/cval.fr\/index.php\/wp-json\/wp\/v2\/tags?post=394"}],"curies":[{"name":"wp","href":"https:\/\/api.w.org\/{rel}","templated":true}]}}