{"id":254,"date":"2024-04-01T10:45:04","date_gmt":"2024-04-01T10:45:04","guid":{"rendered":"https:\/\/cval.fr\/?p=254"},"modified":"2024-05-17T09:43:24","modified_gmt":"2024-05-17T09:43:24","slug":"une-perle-de-ponton-et-bientot-deux","status":"publish","type":"post","link":"https:\/\/cval.fr\/index.php\/2024\/04\/01\/une-perle-de-ponton-et-bientot-deux\/","title":{"rendered":"Une perle de ponton ..et bient\u00f4t deux"},"content":{"rendered":"\n<div class=\"wp-block-media-text has-media-on-the-right is-stacked-on-mobile\" style=\"grid-template-columns:auto 59%\"><div class=\"wp-block-media-text__content\">\n<p>Le ponton voile est de nouveau remis en place, une merveille, une perle et la presse en parle d\u00e9j\u00e0 &#8230;<\/p>\n\n\n\n<p>&#8220;Incroyable d\u00e9couverte lors de la remise \u00e0 neuf par les b\u00e9n\u00e9voles du ponton du <a href=\"https:\/\/www.facebook.com\/cval.laffrey?__cft__[0]=AZU5SgHqnu_TM1iAhWqc0FQCltAVdLfgytfgIki1eP1mZnGrNGXVC8RfwawlI1TTxFyxkq1L5Dca30rOeGu7nHaRF33oxYc24ixhNuQ0XGOxtPG-14k_Hl_1xFEG2s0wox77g17sTtAyKNSJVG4-uClK&amp;__tn__=-]K-R\">Club de voile et d&#8217;aviron de Laffrey<\/a> non loin de la <a href=\"https:\/\/www.facebook.com\/profile.php?id=100069349143686&amp;__cft__[0]=AZU5SgHqnu_TM1iAhWqc0FQCltAVdLfgytfgIki1eP1mZnGrNGXVC8RfwawlI1TTxFyxkq1L5Dca30rOeGu7nHaRF33oxYc24ixhNuQ0XGOxtPG-14k_Hl_1xFEG2s0wox77g17sTtAyKNSJVG4-uClK&amp;__tn__=-]K-R\">Mairie de Laffrey<\/a>. Plusieurs moules perli\u00e8res d&#8217;eau douce ont \u00e9t\u00e9 retrouv\u00e9es soldidement accroch\u00e9es au ponton depuis plusieurs ann\u00e9es. Une aubaine financi\u00e8re pour ce Club familial au coeur g\u00e9n\u00e9reux mais aux moyens financiers limit\u00e9s. <\/p>\n<\/div><figure class=\"wp-block-media-text__media\"><img loading=\"lazy\" decoding=\"async\" width=\"1024\" height=\"554\" src=\"https:\/\/cval.fr\/wp-content\/uploads\/2024\/04\/ponton45-1024x554.png\" alt=\"\" class=\"wp-image-255 size-full\" srcset=\"https:\/\/cval.fr\/wp-content\/uploads\/2024\/04\/ponton45-1024x554.png 1024w, https:\/\/cval.fr\/wp-content\/uploads\/2024\/04\/ponton45-300x162.png 300w, https:\/\/cval.fr\/wp-content\/uploads\/2024\/04\/ponton45-768x415.png 768w, https:\/\/cval.fr\/wp-content\/uploads\/2024\/04\/ponton45-600x324.png 600w, https:\/\/cval.fr\/wp-content\/uploads\/2024\/04\/ponton45.png 1241w\" sizes=\"auto, (max-width: 1024px) 100vw, 1024px\" \/><\/figure><\/div>\n\n\n\n<div class=\"wp-block-media-text is-stacked-on-mobile\"><figure class=\"wp-block-media-text__media\"><img loading=\"lazy\" decoding=\"async\" width=\"512\" height=\"275\" src=\"https:\/\/cval.fr\/wp-content\/uploads\/2024\/04\/moule.png\" alt=\"\" class=\"wp-image-256 size-full\" srcset=\"https:\/\/cval.fr\/wp-content\/uploads\/2024\/04\/moule.png 512w, https:\/\/cval.fr\/wp-content\/uploads\/2024\/04\/moule-300x161.png 300w\" sizes=\"auto, (max-width: 512px) 100vw, 512px\" \/><\/figure><div class=\"wp-block-media-text__content\">\n<p>Fid\u00e8le \u00e0 ses valeurs solidaires le Club r\u00e9fl\u00e9chit d\u00e9j\u00e0 \u00e0 l&#8217;utilisation de ses fonds au del\u00e0 de sa mission usuelle de d\u00e9couverte pour tous de la pratique nautique sur l&#8217;ensemble du territoire de la <a href=\"https:\/\/www.facebook.com\/CCMatheysine?__cft__[0]=AZU5SgHqnu_TM1iAhWqc0FQCltAVdLfgytfgIki1eP1mZnGrNGXVC8RfwawlI1TTxFyxkq1L5Dca30rOeGu7nHaRF33oxYc24ixhNuQ0XGOxtPG-14k_Hl_1xFEG2s0wox77g17sTtAyKNSJVG4-uClK&amp;__tn__=-]K-R\">CCMatheysine<\/a>. Il serait question de renflouer en eau le <a href=\"https:\/\/www.facebook.com\/nauticmonteynard?__cft__[0]=AZU5SgHqnu_TM1iAhWqc0FQCltAVdLfgytfgIki1eP1mZnGrNGXVC8RfwawlI1TTxFyxkq1L5Dca30rOeGu7nHaRF33oxYc24ixhNuQ0XGOxtPG-14k_Hl_1xFEG2s0wox77g17sTtAyKNSJVG4-uClK&amp;__tn__=-]K-R\">Base Nautique Savel Monteynard &#8211; BNSM<\/a> suite \u00e0 une malencontreuse vidange de leur baignoire lors d&#8217;une s\u00e9ance photo de <a href=\"https:\/\/www.facebook.com\/imagirun?__cft__[0]=AZU5SgHqnu_TM1iAhWqc0FQCltAVdLfgytfgIki1eP1mZnGrNGXVC8RfwawlI1TTxFyxkq1L5Dca30rOeGu7nHaRF33oxYc24ixhNuQ0XGOxtPG-14k_Hl_1xFEG2s0wox77g17sTtAyKNSJVG4-uClK&amp;__tn__=-]K-R\">Brieuc Coessens &#8211; Imagirun M\u00e9dias<\/a>. La r\u00e9alisation d&#8217;un transport par cable r\u00e9volutionnaire &#8220;foil aux pieds&#8221; depuis les bassins du parc du Chateau De Vizille (<a href=\"https:\/\/www.facebook.com\/Mairie-de-Vizille-201511827005200\/?__cft__[0]=AZU5SgHqnu_TM1iAhWqc0FQCltAVdLfgytfgIki1eP1mZnGrNGXVC8RfwawlI1TTxFyxkq1L5Dca30rOeGu7nHaRF33oxYc24ixhNuQ0XGOxtPG-14k_Hl_1xFEG2s0wox77g17sTtAyKNSJVG4-uClK&amp;__tn__=kK-R\">Mairie de Vizille<\/a>) via le Lac Mort serait \u00e9galement \u00e0 l&#8217;\u00e9tude avec la <a href=\"https:\/\/www.facebook.com\/profile.php?id=100069349143686&amp;__cft__[0]=AZU5SgHqnu_TM1iAhWqc0FQCltAVdLfgytfgIki1eP1mZnGrNGXVC8RfwawlI1TTxFyxkq1L5Dca30rOeGu7nHaRF33oxYc24ixhNuQ0XGOxtPG-14k_Hl_1xFEG2s0wox77g17sTtAyKNSJVG4-uClK&amp;__tn__=-]K-R\">Mairie de Laffrey<\/a>. Enfin cette nouvelle vient fortement questionner la politique touristisque de <a href=\"https:\/\/www.facebook.com\/matheysine.tourisme?__cft__[0]=AZU5SgHqnu_TM1iAhWqc0FQCltAVdLfgytfgIki1eP1mZnGrNGXVC8RfwawlI1TTxFyxkq1L5Dca30rOeGu7nHaRF33oxYc24ixhNuQ0XGOxtPG-14k_Hl_1xFEG2s0wox77g17sTtAyKNSJVG4-uClK&amp;__tn__=-]K-R\">Matheysine Tourisme<\/a>, les diamants de la Matheysine se voyant d\u00e9j\u00e0 d\u00e9tron\u00e9s par les perles de la Matheysine. Une \u00e9tude de l&#8217;\u00e9cosyst\u00e8me social et aquatique a \u00e9t\u00e9 lanc\u00e9e par <a href=\"https:\/\/www.facebook.com\/UGrenobleAlpes?__cft__[0]=AZU5SgHqnu_TM1iAhWqc0FQCltAVdLfgytfgIki1eP1mZnGrNGXVC8RfwawlI1TTxFyxkq1L5Dca30rOeGu7nHaRF33oxYc24ixhNuQ0XGOxtPG-14k_Hl_1xFEG2s0wox77g17sTtAyKNSJVG4-uClK&amp;__tn__=-]K-R\">Universit\u00e9 Grenoble Alpes<\/a> afin de mieux comprendre comment tout cela est devenu possible .. <a href=\"https:\/\/www.facebook.com\/nemeton.bio?__cft__[0]=AZU5SgHqnu_TM1iAhWqc0FQCltAVdLfgytfgIki1eP1mZnGrNGXVC8RfwawlI1TTxFyxkq1L5Dca30rOeGu7nHaRF33oxYc24ixhNuQ0XGOxtPG-14k_Hl_1xFEG2s0wox77g17sTtAyKNSJVG4-uClK&amp;__tn__=-]K-R\">Nemeton &#8211; Le Biolab de Grenoble<\/a> est d\u00e9j\u00e0 sur les rangs pour une analyse fine de ce plancton avec une animation \u00e0 confirmer le Samedi 29 Juin 2024. La refection du ponton aviron \u00e9tant pr\u00e9vue vers le 10 Avril on attend d\u00e9j\u00e0 une foule de b\u00e9n\u00e9voles ..car qui sait cette fois avec quoi le <a href=\"https:\/\/www.facebook.com\/cval.laffrey?__cft__[0]=AZU5SgHqnu_TM1iAhWqc0FQCltAVdLfgytfgIki1eP1mZnGrNGXVC8RfwawlI1TTxFyxkq1L5Dca30rOeGu7nHaRF33oxYc24ixhNuQ0XGOxtPG-14k_Hl_1xFEG2s0wox77g17sTtAyKNSJVG4-uClK&amp;__tn__=-]K-R\">Club de voile et d&#8217;aviron de Laffrey<\/a> saura t&#8217;\u00e9merveiller &#8220;<\/p>\n<\/div><\/div>\n","protected":false},"excerpt":{"rendered":"<p>Le ponton voile est de nouveau remis en place, une merveille, une perle et la presse en parle d\u00e9j\u00e0 &#8230; &#8220;Incroyable d\u00e9couverte lors de la remise \u00e0 neuf par les &#8230; <a title=\"Une perle de ponton ..et bient\u00f4t deux\" class=\"read-more\" href=\"https:\/\/cval.fr\/index.php\/2024\/04\/01\/une-perle-de-ponton-et-bientot-deux\/\" aria-label=\"En savoir plus sur Une perle de ponton ..et bient\u00f4t deux\">Lire la suite<\/a><\/p>\n","protected":false},"author":1,"featured_media":0,"comment_status":"closed","ping_status":"closed","sticky":false,"template":"","format":"standard","meta":{"footnotes":""},"categories":[1],"tags":[],"class_list":["post-254","post","type-post","status-publish","format-standard","hentry","category-uncategorized"],"yoast_head":"<!-- This site is optimized with the Yoast SEO plugin v27.4 - https:\/\/yoast.com\/product\/yoast-seo-wordpress\/ -->\n<title>Une perle de ponton ..et bient\u00f4t deux - Club de Voile et Aviron de Laffrey<\/title>\n<meta name=\"robots\" content=\"index, follow, max-snippet:-1, max-image-preview:large, max-video-preview:-1\" \/>\n<link rel=\"canonical\" href=\"https:\/\/cval.fr\/index.php\/2024\/04\/01\/une-perle-de-ponton-et-bientot-deux\/\" \/>\n<meta property=\"og:locale\" content=\"fr_FR\" \/>\n<meta property=\"og:type\" content=\"article\" \/>\n<meta property=\"og:title\" content=\"Une perle de ponton ..et bient\u00f4t deux - Club de Voile et Aviron de Laffrey\" \/>\n<meta property=\"og:description\" content=\"Le ponton voile est de nouveau remis en place, une merveille, une perle et la presse en parle d\u00e9j\u00e0 &#8230; &#8220;Incroyable d\u00e9couverte lors de la remise \u00e0 neuf par les ... Lire la suite\" \/>\n<meta property=\"og:url\" content=\"https:\/\/cval.fr\/index.php\/2024\/04\/01\/une-perle-de-ponton-et-bientot-deux\/\" \/>\n<meta property=\"og:site_name\" content=\"Club de Voile et Aviron de Laffrey\" \/>\n<meta property=\"article:published_time\" content=\"2024-04-01T10:45:04+00:00\" \/>\n<meta property=\"article:modified_time\" content=\"2024-05-17T09:43:24+00:00\" \/>\n<meta property=\"og:image\" content=\"https:\/\/cval.fr\/wp-content\/uploads\/2024\/04\/ponton45-1024x554.png\" \/>\n<meta name=\"author\" content=\"admin\" \/>\n<meta name=\"twitter:card\" content=\"summary_large_image\" \/>\n<meta name=\"twitter:label1\" content=\"\u00c9crit par\" \/>\n\t<meta name=\"twitter:data1\" content=\"admin\" \/>\n\t<meta name=\"twitter:label2\" content=\"Dur\u00e9e de lecture estim\u00e9e\" \/>\n\t<meta name=\"twitter:data2\" content=\"2 minutes\" \/>\n<script type=\"application\/ld+json\" class=\"yoast-schema-graph\">{\"@context\":\"https:\\\/\\\/schema.org\",\"@graph\":[{\"@type\":\"Article\",\"@id\":\"https:\\\/\\\/cval.fr\\\/index.php\\\/2024\\\/04\\\/01\\\/une-perle-de-ponton-et-bientot-deux\\\/#article\",\"isPartOf\":{\"@id\":\"https:\\\/\\\/cval.fr\\\/index.php\\\/2024\\\/04\\\/01\\\/une-perle-de-ponton-et-bientot-deux\\\/\"},\"author\":{\"name\":\"admin\",\"@id\":\"https:\\\/\\\/cval.fr\\\/#\\\/schema\\\/person\\\/233bcea2b3a7fc93e7d29c8b43e41c22\"},\"headline\":\"Une perle de ponton ..et bient\u00f4t deux\",\"datePublished\":\"2024-04-01T10:45:04+00:00\",\"dateModified\":\"2024-05-17T09:43:24+00:00\",\"mainEntityOfPage\":{\"@id\":\"https:\\\/\\\/cval.fr\\\/index.php\\\/2024\\\/04\\\/01\\\/une-perle-de-ponton-et-bientot-deux\\\/\"},\"wordCount\":333,\"image\":{\"@id\":\"https:\\\/\\\/cval.fr\\\/index.php\\\/2024\\\/04\\\/01\\\/une-perle-de-ponton-et-bientot-deux\\\/#primaryimage\"},\"thumbnailUrl\":\"https:\\\/\\\/cval.fr\\\/wp-content\\\/uploads\\\/2024\\\/04\\\/ponton45-1024x554.png\",\"articleSection\":[\"Uncategorized\"],\"inLanguage\":\"fr-FR\"},{\"@type\":\"WebPage\",\"@id\":\"https:\\\/\\\/cval.fr\\\/index.php\\\/2024\\\/04\\\/01\\\/une-perle-de-ponton-et-bientot-deux\\\/\",\"url\":\"https:\\\/\\\/cval.fr\\\/index.php\\\/2024\\\/04\\\/01\\\/une-perle-de-ponton-et-bientot-deux\\\/\",\"name\":\"Une perle de ponton ..et bient\u00f4t deux - Club de Voile et Aviron de Laffrey\",\"isPartOf\":{\"@id\":\"https:\\\/\\\/cval.fr\\\/#website\"},\"primaryImageOfPage\":{\"@id\":\"https:\\\/\\\/cval.fr\\\/index.php\\\/2024\\\/04\\\/01\\\/une-perle-de-ponton-et-bientot-deux\\\/#primaryimage\"},\"image\":{\"@id\":\"https:\\\/\\\/cval.fr\\\/index.php\\\/2024\\\/04\\\/01\\\/une-perle-de-ponton-et-bientot-deux\\\/#primaryimage\"},\"thumbnailUrl\":\"https:\\\/\\\/cval.fr\\\/wp-content\\\/uploads\\\/2024\\\/04\\\/ponton45-1024x554.png\",\"datePublished\":\"2024-04-01T10:45:04+00:00\",\"dateModified\":\"2024-05-17T09:43:24+00:00\",\"author\":{\"@id\":\"https:\\\/\\\/cval.fr\\\/#\\\/schema\\\/person\\\/233bcea2b3a7fc93e7d29c8b43e41c22\"},\"breadcrumb\":{\"@id\":\"https:\\\/\\\/cval.fr\\\/index.php\\\/2024\\\/04\\\/01\\\/une-perle-de-ponton-et-bientot-deux\\\/#breadcrumb\"},\"inLanguage\":\"fr-FR\",\"potentialAction\":[{\"@type\":\"ReadAction\",\"target\":[\"https:\\\/\\\/cval.fr\\\/index.php\\\/2024\\\/04\\\/01\\\/une-perle-de-ponton-et-bientot-deux\\\/\"]}]},{\"@type\":\"ImageObject\",\"inLanguage\":\"fr-FR\",\"@id\":\"https:\\\/\\\/cval.fr\\\/index.php\\\/2024\\\/04\\\/01\\\/une-perle-de-ponton-et-bientot-deux\\\/#primaryimage\",\"url\":\"https:\\\/\\\/cval.fr\\\/wp-content\\\/uploads\\\/2024\\\/04\\\/ponton45.png\",\"contentUrl\":\"https:\\\/\\\/cval.fr\\\/wp-content\\\/uploads\\\/2024\\\/04\\\/ponton45.png\",\"width\":1241,\"height\":671},{\"@type\":\"BreadcrumbList\",\"@id\":\"https:\\\/\\\/cval.fr\\\/index.php\\\/2024\\\/04\\\/01\\\/une-perle-de-ponton-et-bientot-deux\\\/#breadcrumb\",\"itemListElement\":[{\"@type\":\"ListItem\",\"position\":1,\"name\":\"Accueil\",\"item\":\"https:\\\/\\\/cval.fr\\\/\"},{\"@type\":\"ListItem\",\"position\":2,\"name\":\"Une perle de ponton ..et bient\u00f4t deux\"}]},{\"@type\":\"WebSite\",\"@id\":\"https:\\\/\\\/cval.fr\\\/#website\",\"url\":\"https:\\\/\\\/cval.fr\\\/\",\"name\":\"Club de Voile et Aviron de Laffrey\",\"description\":\"Un petit bateau dans la t\u00eate ....\",\"potentialAction\":[{\"@type\":\"SearchAction\",\"target\":{\"@type\":\"EntryPoint\",\"urlTemplate\":\"https:\\\/\\\/cval.fr\\\/?s={search_term_string}\"},\"query-input\":{\"@type\":\"PropertyValueSpecification\",\"valueRequired\":true,\"valueName\":\"search_term_string\"}}],\"inLanguage\":\"fr-FR\"},{\"@type\":\"Person\",\"@id\":\"https:\\\/\\\/cval.fr\\\/#\\\/schema\\\/person\\\/233bcea2b3a7fc93e7d29c8b43e41c22\",\"name\":\"admin\",\"image\":{\"@type\":\"ImageObject\",\"inLanguage\":\"fr-FR\",\"@id\":\"https:\\\/\\\/secure.gravatar.com\\\/avatar\\\/041cd813b43b1b449fe7a622bd81876a6d4580da8e61f30cfa434ca1e491a1e0?s=96&d=wavatar&r=g\",\"url\":\"https:\\\/\\\/secure.gravatar.com\\\/avatar\\\/041cd813b43b1b449fe7a622bd81876a6d4580da8e61f30cfa434ca1e491a1e0?s=96&d=wavatar&r=g\",\"contentUrl\":\"https:\\\/\\\/secure.gravatar.com\\\/avatar\\\/041cd813b43b1b449fe7a622bd81876a6d4580da8e61f30cfa434ca1e491a1e0?s=96&d=wavatar&r=g\",\"caption\":\"admin\"},\"sameAs\":[\"https:\\\/\\\/cval.fr\"],\"url\":\"https:\\\/\\\/cval.fr\\\/index.php\\\/author\\\/admin_myancovid\\\/\"}]}<\/script>\n<!-- \/ Yoast SEO plugin. -->","yoast_head_json":{"title":"Une perle de ponton ..et bient\u00f4t deux - Club de Voile et Aviron de Laffrey","robots":{"index":"index","follow":"follow","max-snippet":"max-snippet:-1","max-image-preview":"max-image-preview:large","max-video-preview":"max-video-preview:-1"},"canonical":"https:\/\/cval.fr\/index.php\/2024\/04\/01\/une-perle-de-ponton-et-bientot-deux\/","og_locale":"fr_FR","og_type":"article","og_title":"Une perle de ponton ..et bient\u00f4t deux - Club de Voile et Aviron de Laffrey","og_description":"Le ponton voile est de nouveau remis en place, une merveille, une perle et la presse en parle d\u00e9j\u00e0 &#8230; &#8220;Incroyable d\u00e9couverte lors de la remise \u00e0 neuf par les ... Lire la suite","og_url":"https:\/\/cval.fr\/index.php\/2024\/04\/01\/une-perle-de-ponton-et-bientot-deux\/","og_site_name":"Club de Voile et Aviron de Laffrey","article_published_time":"2024-04-01T10:45:04+00:00","article_modified_time":"2024-05-17T09:43:24+00:00","og_image":[{"url":"https:\/\/cval.fr\/wp-content\/uploads\/2024\/04\/ponton45-1024x554.png","type":"","width":"","height":""}],"author":"admin","twitter_card":"summary_large_image","twitter_misc":{"\u00c9crit par":"admin","Dur\u00e9e de lecture estim\u00e9e":"2 minutes"},"schema":{"@context":"https:\/\/schema.org","@graph":[{"@type":"Article","@id":"https:\/\/cval.fr\/index.php\/2024\/04\/01\/une-perle-de-ponton-et-bientot-deux\/#article","isPartOf":{"@id":"https:\/\/cval.fr\/index.php\/2024\/04\/01\/une-perle-de-ponton-et-bientot-deux\/"},"author":{"name":"admin","@id":"https:\/\/cval.fr\/#\/schema\/person\/233bcea2b3a7fc93e7d29c8b43e41c22"},"headline":"Une perle de ponton ..et bient\u00f4t deux","datePublished":"2024-04-01T10:45:04+00:00","dateModified":"2024-05-17T09:43:24+00:00","mainEntityOfPage":{"@id":"https:\/\/cval.fr\/index.php\/2024\/04\/01\/une-perle-de-ponton-et-bientot-deux\/"},"wordCount":333,"image":{"@id":"https:\/\/cval.fr\/index.php\/2024\/04\/01\/une-perle-de-ponton-et-bientot-deux\/#primaryimage"},"thumbnailUrl":"https:\/\/cval.fr\/wp-content\/uploads\/2024\/04\/ponton45-1024x554.png","articleSection":["Uncategorized"],"inLanguage":"fr-FR"},{"@type":"WebPage","@id":"https:\/\/cval.fr\/index.php\/2024\/04\/01\/une-perle-de-ponton-et-bientot-deux\/","url":"https:\/\/cval.fr\/index.php\/2024\/04\/01\/une-perle-de-ponton-et-bientot-deux\/","name":"Une perle de ponton ..et bient\u00f4t deux - Club de Voile et Aviron de Laffrey","isPartOf":{"@id":"https:\/\/cval.fr\/#website"},"primaryImageOfPage":{"@id":"https:\/\/cval.fr\/index.php\/2024\/04\/01\/une-perle-de-ponton-et-bientot-deux\/#primaryimage"},"image":{"@id":"https:\/\/cval.fr\/index.php\/2024\/04\/01\/une-perle-de-ponton-et-bientot-deux\/#primaryimage"},"thumbnailUrl":"https:\/\/cval.fr\/wp-content\/uploads\/2024\/04\/ponton45-1024x554.png","datePublished":"2024-04-01T10:45:04+00:00","dateModified":"2024-05-17T09:43:24+00:00","author":{"@id":"https:\/\/cval.fr\/#\/schema\/person\/233bcea2b3a7fc93e7d29c8b43e41c22"},"breadcrumb":{"@id":"https:\/\/cval.fr\/index.php\/2024\/04\/01\/une-perle-de-ponton-et-bientot-deux\/#breadcrumb"},"inLanguage":"fr-FR","potentialAction":[{"@type":"ReadAction","target":["https:\/\/cval.fr\/index.php\/2024\/04\/01\/une-perle-de-ponton-et-bientot-deux\/"]}]},{"@type":"ImageObject","inLanguage":"fr-FR","@id":"https:\/\/cval.fr\/index.php\/2024\/04\/01\/une-perle-de-ponton-et-bientot-deux\/#primaryimage","url":"https:\/\/cval.fr\/wp-content\/uploads\/2024\/04\/ponton45.png","contentUrl":"https:\/\/cval.fr\/wp-content\/uploads\/2024\/04\/ponton45.png","width":1241,"height":671},{"@type":"BreadcrumbList","@id":"https:\/\/cval.fr\/index.php\/2024\/04\/01\/une-perle-de-ponton-et-bientot-deux\/#breadcrumb","itemListElement":[{"@type":"ListItem","position":1,"name":"Accueil","item":"https:\/\/cval.fr\/"},{"@type":"ListItem","position":2,"name":"Une perle de ponton ..et bient\u00f4t deux"}]},{"@type":"WebSite","@id":"https:\/\/cval.fr\/#website","url":"https:\/\/cval.fr\/","name":"Club de Voile et Aviron de Laffrey","description":"Un petit bateau dans la t\u00eate ....","potentialAction":[{"@type":"SearchAction","target":{"@type":"EntryPoint","urlTemplate":"https:\/\/cval.fr\/?s={search_term_string}"},"query-input":{"@type":"PropertyValueSpecification","valueRequired":true,"valueName":"search_term_string"}}],"inLanguage":"fr-FR"},{"@type":"Person","@id":"https:\/\/cval.fr\/#\/schema\/person\/233bcea2b3a7fc93e7d29c8b43e41c22","name":"admin","image":{"@type":"ImageObject","inLanguage":"fr-FR","@id":"https:\/\/secure.gravatar.com\/avatar\/041cd813b43b1b449fe7a622bd81876a6d4580da8e61f30cfa434ca1e491a1e0?s=96&d=wavatar&r=g","url":"https:\/\/secure.gravatar.com\/avatar\/041cd813b43b1b449fe7a622bd81876a6d4580da8e61f30cfa434ca1e491a1e0?s=96&d=wavatar&r=g","contentUrl":"https:\/\/secure.gravatar.com\/avatar\/041cd813b43b1b449fe7a622bd81876a6d4580da8e61f30cfa434ca1e491a1e0?s=96&d=wavatar&r=g","caption":"admin"},"sameAs":["https:\/\/cval.fr"],"url":"https:\/\/cval.fr\/index.php\/author\/admin_myancovid\/"}]}},"_links":{"self":[{"href":"https:\/\/cval.fr\/index.php\/wp-json\/wp\/v2\/posts\/254","targetHints":{"allow":["GET"]}}],"collection":[{"href":"https:\/\/cval.fr\/index.php\/wp-json\/wp\/v2\/posts"}],"about":[{"href":"https:\/\/cval.fr\/index.php\/wp-json\/wp\/v2\/types\/post"}],"author":[{"embeddable":true,"href":"https:\/\/cval.fr\/index.php\/wp-json\/wp\/v2\/users\/1"}],"replies":[{"embeddable":true,"href":"https:\/\/cval.fr\/index.php\/wp-json\/wp\/v2\/comments?post=254"}],"version-history":[{"count":1,"href":"https:\/\/cval.fr\/index.php\/wp-json\/wp\/v2\/posts\/254\/revisions"}],"predecessor-version":[{"id":257,"href":"https:\/\/cval.fr\/index.php\/wp-json\/wp\/v2\/posts\/254\/revisions\/257"}],"wp:attachment":[{"href":"https:\/\/cval.fr\/index.php\/wp-json\/wp\/v2\/media?parent=254"}],"wp:term":[{"taxonomy":"category","embeddable":true,"href":"https:\/\/cval.fr\/index.php\/wp-json\/wp\/v2\/categories?post=254"},{"taxonomy":"post_tag","embeddable":true,"href":"https:\/\/cval.fr\/index.php\/wp-json\/wp\/v2\/tags?post=254"}],"curies":[{"name":"wp","href":"https:\/\/api.w.org\/{rel}","templated":true}]}}