{"id":424,"global_id":"cval.fr?id=424","global_id_lineage":["cval.fr?id=424"],"author":"1","status":"publish","date":"2024-11-01 15:36:35","date_utc":"2024-11-01 15:36:35","modified":"2024-11-30 15:47:56","modified_utc":"2024-11-30 15:47:56","url":"https:\/\/cval.fr\/index.php\/event\/assemblee-generale-du-club-salle-polyvalente-de-laffrey\/","rest_url":"https:\/\/cval.fr\/index.php\/wp-json\/tribe\/events\/v1\/events\/424","title":"Assembl\u00e9e G\u00e9n\u00e9rale du Club Salle Polyvalente de Laffrey","description":"<div dir=\"ltr\">\n<p>Ev\u00e9nement r\u00e9serv\u00e9 aux membres du Club, connecte toi pour pouvoir acc\u00e9der au contenu complet de cet \u00e9v\u00e9nement<\/p>\n<p><img loading=\"lazy\" decoding=\"async\" class=\"alignnone size-medium wp-image-425\" src=\"https:\/\/cval.fr\/wp-content\/uploads\/2024\/11\/Pic_AG_ancienne-258x300.png\" alt=\"\" width=\"258\" height=\"300\" srcset=\"https:\/\/cval.fr\/wp-content\/uploads\/2024\/11\/Pic_AG_ancienne-258x300.png 258w, https:\/\/cval.fr\/wp-content\/uploads\/2024\/11\/Pic_AG_ancienne.png 741w\" sizes=\"auto, (max-width: 258px) 100vw, 258px\" \/><\/p>\n<p><span style=\"font-family: Verdana, sans-serif;\"><span style=\"font-size: small;\"><b>Cette invitation pr\u00e9sente sur le site et envoy\u00e9e \u00e9galement par mail vaut invitation conform\u00e9ment \u00e0 nos statuts.<\/b><\/span><\/span><\/p>\n<ul>\n<li><span style=\"font-family: Verdana, sans-serif;\"><span style=\"font-size: small;\">ORDRE DU JOUR:<br clear=\"none\" \/><br clear=\"none\" \/>Le Mot de la Mairie de Laffrey qui nous a confirm\u00e9 sa pr\u00e9sence cette ann\u00e9e.<br clear=\"none\" \/><br clear=\"none\" \/>Bilan Moral par notre Pr\u00e9sident Gilles<br clear=\"none\" \/>Bilan Financier par R\u00e9jean<br clear=\"none\" \/>Vote des Tarifs SAISON 202<\/span><\/span><span style=\"font-family: Verdana, sans-serif;\"><span style=\"font-size: small;\">5<\/span><\/span><span style=\"font-family: Verdana, sans-serif;\"><span style=\"font-size: small;\"><br clear=\"none\" \/>Budget Pr\u00e9visionnel des Achats, discussion et inscription au compte rendu Pr\u00e9visionnel.<br clear=\"none\" \/><br clear=\"none\" \/>Puis Dans l&#8217;ordre<\/span><\/span><\/li>\n<li><span style=\"font-family: Verdana, sans-serif; font-size: small;\">Vote de Renouvellement du CA<\/span><\/li>\n<li><span style=\"font-size: small; font-family: Verdana, sans-serif;\">Vote de Renouvellement du Bureau par le CA<\/span><\/li>\n<li><span style=\"font-size: small; font-family: Verdana, sans-serif;\">Questions Diverses sur la base de vos retours re\u00e7us sur l&#8217;adresse mail <\/span><a style=\"font-size: small; font-family: Verdana, sans-serif;\" href=\"mailto:secretariat@cval.com\" target=\"_blank\" rel=\"nofollow noopener noreferrer\" shape=\"rect\">secretariat@cval.fr<\/a><\/li>\n<\/ul>\n<\/div>\n<div><span style=\"font-family: Verdana, sans-serif;\"><span style=\"font-size: small;\"><b>Les questions \u00e0 discuter en AG de la part des adh\u00e9rents peuvent \u00eatre envoy\u00e9es au secr\u00e9tariat jusqu&#8217;\u00e0 1 une semaine a l avance max juste avant parution de l ordre du jour d\u00e9finitif incluant les questions recueillies. Nos statuts indiquent normalement 3 semaines en vertu de l&#8217;article 19 mais le bureau a choisi de laisser plus de temps.<\/b><\/span><\/span><\/div>\n<div>Ci dessous pour rappel l Article 19 rappelant notamment qui peut voter:<\/div>\n<div><\/div>\n<div>\n<p><i>Statut du CVAL &#8211; Article 19<\/i><\/p>\n<p><i>L\u2019assembl\u00e9e g\u00e9n\u00e9rale ordinaire comprend les membres pratiquants \u00e2g\u00e9s de seize ans au moins le jour de l\u2019\u00e9lection, ayant adh\u00e9r\u00e9 depuis plus de six mois et \u00e0 jour de leur cotisation.<br clear=\"none\" \/>Elle se r\u00e9unit chaque ann\u00e9e et chaque fois qu\u2019elle est convoqu\u00e9e par le comit\u00e9 ou sur la demande du quart de ses membres.<br clear=\"none\" \/>Son ordre du jour est celui du comit\u00e9.<br clear=\"none\" \/>Son bureau est celui du comit\u00e9.<br clear=\"none\" \/>Elle entend les rapports sur la gestion au comit\u00e9, sur la situation morale et financi\u00e8re de l\u2019association.<br clear=\"none\" \/>Elle vote le budget ; elle \u00e9lit le comit\u00e9.<br clear=\"none\" \/>Elle examine les questions mises \u00e0 son ordre du jour, celui-ci ayant \u00e9t\u00e9 communiqu\u00e9, par convocation, au moins huit jours \u00e0 l\u2019avance.<br clear=\"none\" \/>Tout associ\u00e9 ayant une proposition \u00e0 faire \u00e0 l\u2019assembl\u00e9e g\u00e9n\u00e9rale doit la soumettre au moins trois semaines \u00e0 l\u2019avance.<\/i><\/p>\n<\/div>\n<div><\/div>\n<div dir=\"ltr\">\n<div dir=\"ltr\">\n<div>\n<div><span style=\"font-family: Verdana, sans-serif;\"><span style=\"font-size: small;\">En cas d\u2019absence \u00e0 l\u2019AG, vous avez la possibilit\u00e9 de participer au vote en r\u00e9digeant un \u00ab Pouvoir de repr\u00e9sentation \u00bb\u00a0<\/span><\/span><\/div>\n<div><a href=\"https:\/\/cval.fr\/wp-content\/uploads\/2024\/11\/Pouvoir-CVAL2024.odt\">Pouvoir-CVAL2024<\/a><\/div>\n<div><span style=\"font-family: Verdana, sans-serif;\"><span style=\"font-size: small;\"> Ce document doit \u00eatre pr\u00e9sent\u00e9 au plus tard \u00e0 l\u2019AG. Seules les personnes pr\u00e9sentes ou munis d\u2019un pouvoir de pr\u00e9sentation peuvent voter. Pas de vote en non pr\u00e9sentiel.<\/span><\/span><\/div>\n<div><span style=\"font-family: Verdana, sans-serif;\"><span style=\"font-size: small;\">\u00a0<\/span><\/span><\/div>\n<div><span style=\"font-family: Verdana, sans-serif;\"><span style=\"font-size: small;\">Merci de penser au renouvellement de vos licences:\u00a0UFOLEP et AVIRON. renouvellement en septembre.<\/span><\/span><\/div>\n<div><span style=\"font-family: Verdana, sans-serif;\"><span style=\"font-size: small;\">\u00a0<\/span><\/span><\/div>\n<div dir=\"ltr\"><span style=\"font-family: Verdana, sans-serif;\"><span style=\"font-size: small;\">A l&#8217;issue de l&#8217;AG il sera possible de renouveler votre adh\u00e9sion au CVAL puisque le montant de l&#8217;adh\u00e9sion aura \u00e9t\u00e9 vot\u00e9.<br clear=\"none\" \/><\/span><\/span><\/div>\n<div dir=\"ltr\"><span style=\"font-family: Verdana, sans-serif;\"><span style=\"font-size: small;\">\u00a0<\/span><\/span><\/div>\n<div dir=\"ltr\"><span style=\"font-family: Verdana, sans-serif;\"><span style=\"font-size: small;\">Puis ce sera au tour des licences FFV qui fonctionnent elles en ann\u00e9e civile.<br \/>\n<\/span><\/span><\/div>\n<\/div>\n<\/div>\n<\/div>\n<div dir=\"ltr\"><\/div>\n<div dir=\"ltr\">On vous attend nombreuses et nombreux !!!<\/div>","excerpt":"","slug":"assemblee-generale-du-club-salle-polyvalente-de-laffrey","image":false,"all_day":false,"start_date":"2024-12-01 09:00:00","start_date_details":{"year":"2024","month":"12","day":"01","hour":"09","minutes":"00","seconds":"00"},"end_date":"2024-12-01 12:00:00","end_date_details":{"year":"2024","month":"12","day":"01","hour":"12","minutes":"00","seconds":"00"},"utc_start_date":"2024-12-01 09:00:00","utc_start_date_details":{"year":"2024","month":"12","day":"01","hour":"09","minutes":"00","seconds":"00"},"utc_end_date":"2024-12-01 12:00:00","utc_end_date_details":{"year":"2024","month":"12","day":"01","hour":"12","minutes":"00","seconds":"00"},"timezone":"UTC+0","timezone_abbr":"UTC+0","cost":"","cost_details":{"currency_symbol":"","currency_code":"","currency_position":"","values":[]},"website":"","show_map":true,"show_map_link":true,"hide_from_listings":false,"sticky":false,"featured":false,"categories":[],"tags":[],"venue":{"id":427,"author":"1","status":"publish","date":"2024-11-01 15:36:35","date_utc":"2024-11-01 15:36:35","modified":"2025-10-27 16:24:46","modified_utc":"2025-10-27 15:24:46","url":"https:\/\/cval.fr\/index.php\/lieu\/salle-polyvalente-laffrey\/","venue":"Salle Polyvalente Laffrey","slug":"salle-polyvalente-laffrey","address":"grandes saignes","city":"laffrey","country":"France","zip":"38220","json_ld":{"@type":"Place","name":"Salle Polyvalente Laffrey","description":"","url":"","address":{"@type":"PostalAddress","streetAddress":"grandes saignes","addressLocality":"laffrey","postalCode":"38220","addressCountry":"France"},"telephone":"","sameAs":""},"show_map":false,"show_map_link":false,"global_id":"cval.fr?id=427","global_id_lineage":["cval.fr?id=427"]},"organizer":[{"id":212,"author":"1","status":"publish","date":"2024-03-03 16:21:44","date_utc":"2024-03-03 16:21:44","modified":"2024-03-03 16:21:44","modified_utc":"2024-03-03 16:21:44","url":"https:\/\/cval.fr\/index.php\/organisateur\/cval\/","organizer":"CVAL","slug":"cval","json_ld":{"@type":"Person","name":"CVAL","description":"","url":"","telephone":"","email":"","sameAs":""},"global_id":"cval.fr?id=212","global_id_lineage":["cval.fr?id=212"]}],"custom_fields":[],"json_ld":{"@context":"http:\/\/schema.org","@type":"Event","name":"Assembl\u00e9e G\u00e9n\u00e9rale du Club Salle Polyvalente de Laffrey","description":"&lt;p&gt;Ev\u00e9nement r\u00e9serv\u00e9 aux membres du Club, connecte toi pour pouvoir acc\u00e9der au contenu complet de cet \u00e9v\u00e9nement Cette invitation pr\u00e9sente sur le site et envoy\u00e9e \u00e9galement par mail vaut invitation ... &lt;a title=&quot;Assembl\u00e9e G\u00e9n\u00e9rale du Club Salle Polyvalente de Laffrey&quot; class=&quot;read-more&quot; href=&quot;https:\/\/cval.fr\/index.php\/event\/assemblee-generale-du-club-salle-polyvalente-de-laffrey\/&quot; aria-label=&quot;En savoir plus sur Assembl\u00e9e G\u00e9n\u00e9rale du Club Salle Polyvalente de Laffrey&quot;&gt;Lire la suite&lt;\/a&gt;&lt;\/p&gt;\\n","url":"https:\/\/cval.fr\/index.php\/event\/assemblee-generale-du-club-salle-polyvalente-de-laffrey\/","eventAttendanceMode":"https:\/\/schema.org\/OfflineEventAttendanceMode","eventStatus":"https:\/\/schema.org\/EventScheduled","startDate":"2024-12-01T09:00:00+00:00","endDate":"2024-12-01T12:00:00+00:00","location":{"@type":"Place","name":"Salle Polyvalente Laffrey","description":"","url":"","address":{"@type":"PostalAddress","streetAddress":"grandes saignes","addressLocality":"laffrey","postalCode":"38220","addressCountry":"France"},"telephone":"","sameAs":""},"organizer":{"@type":"Person","name":"CVAL","description":"","url":"","telephone":"","email":"","sameAs":""},"performer":"Organization"}}